{"id":1825,"date":"2017-06-12T16:52:21","date_gmt":"2017-06-12T19:52:21","guid":{"rendered":"https:\/\/vos.homolog.arsnova.work\/?p=1825"},"modified":"2017-06-12T16:52:35","modified_gmt":"2017-06-12T19:52:35","slug":"ser-relevante-pra-quem","status":"publish","type":"post","link":"https:\/\/vos.homolog.arsnova.work\/?p=1825","title":{"rendered":"Ser relevante pra quem?"},"content":{"rendered":"<p style=\"text-align: justify\">Estou passando por uma daquelas datas balizadoras de ang\u00fastias e proje\u00e7\u00f5es. A produtora est\u00e1 completando dez anos e reacendendo a sensa\u00e7\u00e3o do inc\u00f4modo em mim. Pra quem acha isso ruim, pra quem n\u00e3o gosta de perder o sono, lamento dizer, mas esses marcos s\u00e3o fundamentais, por sua capacidade de gerar autocr\u00edtica. Essa inquietude \u00e9 que faz a roda girar.<\/p>\n<p style=\"text-align: justify\">Dessa d\u00e9cada andando como nossas pr\u00f3prias pernas &#8211; e dando in\u00fameros trope\u00e7os &#8211; colocamos a nossa cara para um sem n\u00famero de produ\u00e7\u00f5es. Mas fomos relevantes? Para saber essa resposta, \u00e9 preciso definir uma forma de medir relev\u00e2ncia. Bom, se estamos falando em medir, significa que s\u00e3o n\u00fameros que v\u00e3o me dizer o qu\u00e3o relevante fomos e somos.<\/p>\n<p style=\"text-align: justify\">Seria o alcance org\u00e2nico dos nossos v\u00eddeos o fator determinante? Views, compartilhamentos ou outros dados anal\u00edticos de redes sociais? N\u00e3o creio. Isso pode me dizer que conseguimos ati\u00e7ar a curiosidade das pessoas ou alcan\u00e7ar um n\u00edvel est\u00e9tico e narrativo que desperta interesse.<\/p>\n<p style=\"text-align: justify\">Quem sabe a relev\u00e2ncia esteja no tamanho dos clientes que conseguimos trabalhar, e na substancialidade dos or\u00e7amentos para os projetos desenvolvidos? Isso \u00e9 essencial, ou n\u00e3o ter\u00edamos chegado aos dez anos. Mas \u00e9 engrenagem, n\u00e3o relev\u00e2ncia.<\/p>\n<p style=\"text-align: justify\">Talvez seja preciso esmiu\u00e7ar um pouco mais o questionamento; mais do que ser relevante, me inquieta a d\u00favida de ter sido relevante PRA QUEM?<\/p>\n<p style=\"text-align: justify\">Mais algumas viradas na cama e tenho a certeza que a resposta n\u00e3o \u00e9 \u201cpara os seguidores\u201d, \u201cpara os clientes\u201d ou \u201cpara o gerente do banco\u201d. N\u00e3o diretamente, ao menos. Possivelmente por reflexo ou consequ\u00eancia. Esse tipo de relev\u00e2ncia, para terceiros, \u00e9 ef\u00eamero e serve perigosamente de alimento para um monstro chamado ego.<\/p>\n<p style=\"text-align: justify\">Em tempos de Analytics, os dados realmente determinantes s\u00e3o o n\u00famero de vezes em que deitei com frio na barriga repassando cada detalhe da produ\u00e7\u00e3o do dia seguinte; o n\u00famero de insights de melhores planos no meio do sono, ou cada vez que levantei determinado a fazer o meu melhor naquele projeto.<\/p>\n<p style=\"text-align: justify\">\u00c9 isso, somos relevantes; pra mim. E \u00e9 isso que importa no final das contas. \u00c9 ter um prop\u00f3sito, e se reinventar dentro dele a cada dia, para que a inquietude perdure por mais uma d\u00e9cada.<\/p>\n<p style=\"text-align: justify\"><em>Imagem: br.freepik.com\/fotos-gratis\/retrovisor-da-mulher-triste-ao-lado-da-janela_974075.htm<\/em><\/p>\n","protected":false},"excerpt":{"rendered":"<p>Estou passando por uma daquelas datas balizadoras de ang\u00fastias e proje\u00e7\u00f5es. A produtora est\u00e1 completando dez anos e reacendendo a [&hellip;]<\/p>\n","protected":false},"author":12,"featured_media":1826,"comment_status":"open","ping_status":"open","sticky":false,"template":"","format":"standard","meta":{"_acf_changed":false,"footnotes":""},"categories":[18],"tags":[178,559,558,557],"class_list":["post-1825","post","type-post","status-publish","format-standard","has-post-thumbnail","hentry","category-catraqueanas","tag-catraca-filmes","tag-emrpeendedorismo","tag-inquietacao","tag-relevancia"],"acf":[],"_links":{"self":[{"href":"https:\/\/vos.homolog.arsnova.work\/index.php?rest_route=\/wp\/v2\/posts\/1825","targetHints":{"allow":["GET"]}}],"collection":[{"href":"https:\/\/vos.homolog.arsnova.work\/index.php?rest_route=\/wp\/v2\/posts"}],"about":[{"href":"https:\/\/vos.homolog.arsnova.work\/index.php?rest_route=\/wp\/v2\/types\/post"}],"author":[{"embeddable":true,"href":"https:\/\/vos.homolog.arsnova.work\/index.php?rest_route=\/wp\/v2\/users\/12"}],"replies":[{"embeddable":true,"href":"https:\/\/vos.homolog.arsnova.work\/index.php?rest_route=%2Fwp%2Fv2%2Fcomments&post=1825"}],"version-history":[{"count":0,"href":"https:\/\/vos.homolog.arsnova.work\/index.php?rest_route=\/wp\/v2\/posts\/1825\/revisions"}],"wp:featuredmedia":[{"embeddable":true,"href":"https:\/\/vos.homolog.arsnova.work\/index.php?rest_route=\/wp\/v2\/media\/1826"}],"wp:attachment":[{"href":"https:\/\/vos.homolog.arsnova.work\/index.php?rest_route=%2Fwp%2Fv2%2Fmedia&parent=1825"}],"wp:term":[{"taxonomy":"category","embeddable":true,"href":"https:\/\/vos.homolog.arsnova.work\/index.php?rest_route=%2Fwp%2Fv2%2Fcategories&post=1825"},{"taxonomy":"post_tag","embeddable":true,"href":"https:\/\/vos.homolog.arsnova.work\/index.php?rest_route=%2Fwp%2Fv2%2Ftags&post=1825"}],"curies":[{"name":"wp","href":"https:\/\/api.w.org\/{rel}","templated":true}]}}