{"id":1821,"date":"2017-06-08T12:12:39","date_gmt":"2017-06-08T15:12:39","guid":{"rendered":"https:\/\/vos.homolog.arsnova.work\/?p=1821"},"modified":"2017-06-09T12:13:42","modified_gmt":"2017-06-09T15:13:42","slug":"manifesto-por-mais-questionamentos-vindos-de-mulheres","status":"publish","type":"post","link":"https:\/\/vos.homolog.arsnova.work\/?p=1821","title":{"rendered":"Manifesto por mais questionamentos vindos de mulheres"},"content":{"rendered":"<p class=\"graf graf--h4 graf-after--h3 graf--subtitle\" style=\"text-align: left;\"><em>Por Nat\u00e1lia Pegoraro &#8211; RP, Empreendedora e s\u00f3cia na empresa <a href=\"http:\/\/www.oamoresimples.com.br\/\">O Amor \u00e9 Simples\u00a0<\/a><\/em><\/p>\n<p class=\"graf graf--h4 graf-after--h3 graf--subtitle\" style=\"text-align: left;\">.<\/p>\n<h3 id=\"c305\" class=\"graf graf--h4 graf-after--h3 graf--subtitle\" style=\"text-align: center;\">Por que at\u00e9 em ambientes que estimulem a troca de conhecimento a gente se\u00a0cala<\/h3>\n<p id=\"5396\" class=\"graf graf--p graf-after--h4\" style=\"text-align: justify;\">H\u00e1 sete anos, a ONU lan\u00e7ou sete\u00a0<a class=\"markup--anchor markup--p-anchor\" href=\"http:\/\/portuguese.weprinciples.org\/\" target=\"_blank\" rel=\"nofollow noopener noreferrer\" data-href=\"http:\/\/portuguese.weprinciples.org\/\">Princ\u00edpios de Empoderamento das Mulheres<\/a>. De l\u00e1 pra c\u00e1, o que mudou?\u2014?no mundo e em n\u00f3s mesmas?<\/p>\n<p id=\"4798\" class=\"graf graf--p graf-after--p\" style=\"text-align: justify;\"><span class=\"markup--strong markup--p-strong\">2017 e n\u00f3s ainda estamos lutando por um espa\u00e7o em eventos p\u00fablicos.\u00a0<\/span>Kara Alaimo, professora de Rela\u00e7\u00f5es P\u00fablicas e colunista da Bloomberg,\u00a0<a class=\"markup--anchor markup--p-anchor\" href=\"https:\/\/www.bloomberg.com.br\/blog\/mulheres-buscam-lugar-em-paineis-100-masculinos\/\" target=\"_blank\" rel=\"nofollow noopener noreferrer\" data-href=\"https:\/\/www.bloomberg.com.br\/blog\/mulheres-buscam-lugar-em-paineis-100-masculinos\/\">traz dados que beiram o absurdo<\/a>\u00a0sobre a domin\u00e2ncia masculina em pain\u00e9is e palestras at\u00e9 quando o tema em quest\u00e3o \u00e9 sobre n\u00f3s. E o artigo \u00e9 de abril deste ano.<\/p>\n<p id=\"81b4\" class=\"graf graf--p graf-after--p\" style=\"text-align: justify;\">\u00c9 lindo ver movimentos crescentes para que a gente consiga, simplesmente, dividir o espa\u00e7o. Mas at\u00e9 a\u00ed, infelizmente, nenhuma novidade.<\/p>\n<h3 id=\"1520\" class=\"graf graf--h3 graf-after--p\" style=\"text-align: center;\"><span class=\"markup--strong markup--h3-strong\">Presen\u00e7a feminina em p\u00fablico: muito al\u00e9m de um lugar no\u00a0palco<\/span><\/h3>\n<p id=\"a895\" class=\"graf graf--p graf-after--h3\">Levei quase 30 anos e precisei atravessar o oceano para um curso me fazer entender mais a fundo um fato que me perseguiu a vida inteira:\u00a0<em class=\"markup--em markup--p-em\">o medo de questionar em p\u00fablico<\/em>. De fazer perguntas e \u2018aparecer\u2019. Num grande resumo: de ser julgada pelo meu interesse.<\/p>\n<figure id=\"fccb\" class=\"graf graf--figure graf-after--p\">\n<div class=\"aspectRatioPlaceholder is-locked\">\n<div class=\"aspectRatioPlaceholder-fill\"><\/div>\n<div class=\"progressiveMedia js-progressiveMedia graf-image is-canvasLoaded is-imageLoaded\" data-image-id=\"1*p6T_GaAI2EHg1OY_bneYcQ.png\" data-width=\"656\" data-height=\"588\" data-scroll=\"native\"><canvas class=\"progressiveMedia-canvas js-progressiveMedia-canvas\" width=\"75\" height=\"65\"><\/canvas><img decoding=\"async\" class=\"progressiveMedia-image js-progressiveMedia-image\" src=\"https:\/\/cdn-images-1.medium.com\/max\/800\/1*p6T_GaAI2EHg1OY_bneYcQ.png\" data-src=\"https:\/\/cdn-images-1.medium.com\/max\/800\/1*p6T_GaAI2EHg1OY_bneYcQ.png\" \/><\/div>\n<\/div><figcaption class=\"imageCaption\">Via: H<a class=\"markup--anchor markup--figure-anchor\" href=\"http:\/\/www.huffpostbrasil.com\/entry\/pushy-women-how-we-talk-about-female-leaders_n_5411131\" target=\"_blank\" rel=\"nofollow noopener noreferrer\" data-href=\"http:\/\/www.huffpostbrasil.com\/entry\/pushy-women-how-we-talk-about-female-leaders_n_5411131\">uffington Post<\/a>. (mesmos desafios, menores sal\u00e1rios e mais r\u00f3tulos. Bem-vindo ao nosso universo)<\/figcaption><\/figure>\n<p id=\"44e6\" class=\"graf graf--p graf-after--figure\" style=\"text-align: justify;\">Come\u00e7ou no col\u00e9gio e meu p\u00e2nico generalizado de sofrer bullying. Mas quando percebi, era assim desde sempre. Quanta pergunta, coment\u00e1rio, exemplo pertinente eu queria compartilhar e&#8230; Sil\u00eancio de novo.\u00a0\u00c9 complexo ver a s\u00e9rie de fatores que a gente considera na hora de executar um simples gesto: \u00e9 medo de ser julgada pela roupa, pelo tom de voz, pelo cabelo, unhas, entona\u00e7\u00e3o e at\u00e9, veja bem, pelo conte\u00fado da fala.<\/p>\n<p id=\"7743\" class=\"graf graf--p graf-after--blockquote\" style=\"text-align: justify;\">Mas eu n\u00e3o via um padr\u00e3o.<\/p>\n<p id=\"2b3e\" class=\"graf graf--h3 graf-after--p\"><strong>Existe pergunta\u00a0errada?<\/strong><\/p>\n<p id=\"316d\" class=\"graf graf--p graf-after--h3\">Faz 3 semanas que voltei de uma experi\u00eancia que transformou minha vida pessoal e profissional, o MIT Global Entrepreneurship Bootcamp, que aconteceu em Brisbane\/AU.<\/p>\n<p id=\"e0a1\" class=\"graf graf--p graf-after--p\">Mais de 6.000 aplica\u00e7\u00f5es de todo o planeta, 120 empreendedores selecionados de mais de 40 pa\u00edses?\u2014?gente incr\u00edvel e inspiradora, sem contar o time de mentores, professores e painelistas (mais homens que mulheres, cad\u00ea a novidade?). Ainda quero fazer um texto s\u00f3 sobre isso: ap\u00f3s dormir 15h nos seis dias mais produtivos da minha vida, tem muito insight que preciso colocar pra fora.<\/p>\n<p id=\"8605\" class=\"graf graf--p graf-after--p\"><span class=\"markup--strong markup--p-strong\">Dia ap\u00f3s dia, hora ap\u00f3s hora, minha cabe\u00e7a borbulhava e eu perdi a conta de quantas perguntas deixei de fazer em p\u00fablico.<\/span>\u00a0<em class=\"markup--em markup--p-em\">Ah, n\u00e3o \u00e9 relevante. Ah, deixa pra l\u00e1. Ah, t\u00f4 com vergonha.<\/em><\/p>\n<figure id=\"3654\" class=\"graf graf--figure graf-after--p\">\n<div class=\"aspectRatioPlaceholder is-locked\">\n<div class=\"aspectRatioPlaceholder-fill\"><\/div>\n<div class=\"progressiveMedia js-progressiveMedia graf-image is-canvasLoaded is-imageLoaded\" data-image-id=\"1*p6DX4MUMe8l8ywFCvltLUg.png\" data-width=\"640\" data-height=\"400\" data-scroll=\"native\"><canvas class=\"progressiveMedia-canvas js-progressiveMedia-canvas\" width=\"75\" height=\"45\"><\/canvas><img decoding=\"async\" class=\"progressiveMedia-image js-progressiveMedia-image\" src=\"https:\/\/cdn-images-1.medium.com\/max\/800\/1*p6DX4MUMe8l8ywFCvltLUg.png\" data-src=\"https:\/\/cdn-images-1.medium.com\/max\/800\/1*p6DX4MUMe8l8ywFCvltLUg.png\" \/><\/div>\n<\/div><figcaption class=\"imageCaption\">Via:\u00a0<a class=\"markup--anchor markup--figure-anchor\" href=\"http:\/\/www.govexec.com\/excellence\/promising-practices\/2014\/08\/performance-reviews-women-are-criticized-personality-rather-performance\/92612\/\" target=\"_blank\" rel=\"nofollow noopener noreferrer\" data-href=\"http:\/\/www.govexec.com\/excellence\/promising-practices\/2014\/08\/performance-reviews-women-are-criticized-personality-rather-performance\/92612\/\">Government Executive<\/a>. Nossa personalidade \u00e9 muito mais julgada que a dos homens; e isso n\u00e3o significa um\u00a0elogio.<\/figcaption><\/figure>\n<p id=\"a35e\" class=\"graf graf--p graf-after--figure\" style=\"text-align: justify;\">E foi s\u00f3 num papo ap\u00f3s o curso, com uma brilhante empreendedora indiana, que a ficha caiu:\u00a0<span class=\"markup--strong markup--p-strong\">menos de 20% das perguntas foram feitas por mulheres em um curso praticamente 50\/50<\/span>. N\u00e3o \u00e9 uma simples diferen\u00e7a, \u00e9 um abismo. E, na minha vida, \u00e9 assim desde sempre: na reuni\u00e3o de trabalho, no universo acad\u00eamico, at\u00e9 na reuni\u00e3o de fam\u00edlia.<\/p>\n<p id=\"c418\" class=\"graf graf--p graf-after--p\" style=\"text-align: justify;\">Durante toda a minha vida eu n\u00e3o estava sozinha. E s\u00f3 agora criei consci\u00eancia da tristeza dessa dimens\u00e3o:\u00a0<span class=\"markup--em markup--blockquote-em\">at\u00e9 em um ambiente que deveria ser menos hostil, mais acolhedor e incentivador da colabora\u00e7\u00e3o, a gente se cala. Por qu\u00ea?<\/span><\/p>\n<p id=\"d98d\" class=\"graf graf--h3 graf-after--blockquote\"><strong>Sua vida, que hist\u00f3rico tem?<\/strong><\/p>\n<p id=\"20ad\" class=\"graf graf--p graf-after--h3\">S\u00f3 posso falar por mim?\u2014?at\u00e9 porque pesquisei e n\u00e3o encontrei nenhum estudo que traga algum dado mais concreto nesse sentido: no fundo, meu modus operandi sempre foi um machismo bem intr\u00ednseco l\u00e1 no fundindo de mim: o medo de ser tachada de todo o estere\u00f3tipo que j\u00e1 sentimos na pele mesmo assim.<\/p>\n<blockquote><p><strong>\u201cQuando um garoto se afirma, ele \u00e9 chamado de \u201cl\u00edder\u201d. No entanto, quando uma menina faz o mesmo, ela corre o risco de ser considerada \u201cmandona\u201d.<\/strong><\/p><\/blockquote>\n<figure id=\"3bb0\" class=\"graf graf--figure graf-after--blockquote\">\n<div class=\"aspectRatioPlaceholder is-locked\">\n<div class=\"aspectRatioPlaceholder-fill\"><\/div>\n<div class=\"progressiveMedia js-progressiveMedia graf-image is-canvasLoaded is-imageLoaded\" data-image-id=\"0*VrD6ZDa1IwfL92vY.png\" data-width=\"1120\" data-height=\"669\" data-action=\"zoom\" data-action-value=\"0*VrD6ZDa1IwfL92vY.png\" data-scroll=\"native\"><canvas class=\"progressiveMedia-canvas js-progressiveMedia-canvas\" width=\"75\" height=\"42\"><\/canvas><img decoding=\"async\" class=\"progressiveMedia-image js-progressiveMedia-image\" src=\"https:\/\/cdn-images-1.medium.com\/max\/800\/0*VrD6ZDa1IwfL92vY.png\" data-src=\"https:\/\/cdn-images-1.medium.com\/max\/800\/0*VrD6ZDa1IwfL92vY.png\" \/><\/div>\n<\/div>\n<\/figure>\n<p id=\"c154\" class=\"graf graf--p graf-after--figure\" style=\"text-align: justify;\">J\u00e1 come\u00e7a na inf\u00e2ncia, como mostra uma das campanhas educativas mais legais sobre o assunto, a\u00a0<a class=\"markup--anchor markup--p-anchor\" href=\"http:\/\/banbossy.com\/\" target=\"_blank\" rel=\"nofollow noopener noreferrer\" data-href=\"http:\/\/banbossy.com\/\">#banbossy<\/a>, que quer empoderar as meninas desde cedo, despertando um sentimento\u00a0<span class=\"markup--strong markup--p-strong\">leg\u00edtimo de lideran\u00e7a<\/span>.<\/p>\n<h3 id=\"9eb5\" class=\"graf graf--h3 graf-after--p\" style=\"text-align: justify;\">#questionemais<\/h3>\n<p id=\"baac\" class=\"graf graf--p graf-after--h3\" style=\"text-align: justify;\">Tem sil\u00eancios piores, mais dolorosos e problem\u00e1ticos, eu sei. E vit\u00f3rias maiores para alcan\u00e7ar.<\/p>\n<p id=\"4e3d\" class=\"graf graf--p graf-after--p\" style=\"text-align: justify;\">Mas, justamente por isso, vamos come\u00e7ar a questionar mais em p\u00fablico? A dominar um espa\u00e7o com nosso conte\u00fado, indo al\u00e9m da nossa mera presen\u00e7a como espectadoras?<\/p>\n<p id=\"26ea\" class=\"graf graf--p graf-after--p\" style=\"text-align: justify;\">Eu criei como desafio pessoal deste ano fazer todas as perguntas em p\u00fablico que eu estiver afim e julgar pertinente. Quero me testar, analisar e ver que diferente Natalia vem depois disso.<\/p>\n<p id=\"3033\" class=\"graf graf--p graf-after--p\" style=\"text-align: justify;\">Parafraseando este grande movimento,\u00a0<a class=\"markup--anchor markup--p-anchor\" href=\"https:\/\/www.facebook.com\/movimentovamosjuntas\/\" target=\"_blank\" rel=\"nofollow noopener noreferrer\" data-href=\"https:\/\/www.facebook.com\/movimentovamosjuntas\/\">vamos juntas?<\/a>\u00a0\ud83d\ude42<\/p>\n<p><iframe loading=\"lazy\" title=\"Why we have too few women leaders | Sheryl Sandberg\" width=\"640\" height=\"360\" src=\"https:\/\/www.youtube.com\/embed\/18uDutylDa4?feature=oembed\" frameborder=\"0\" allow=\"accelerometer; autoplay; clipboard-write; encrypted-media; gyroscope; picture-in-picture; web-share\" referrerpolicy=\"strict-origin-when-cross-origin\" allowfullscreen><\/iframe><\/p>\n<p class=\"graf graf--p graf-after--p\" style=\"text-align: justify;\">\n","protected":false},"excerpt":{"rendered":"<p>Por Nat\u00e1lia Pegoraro &#8211; RP, Empreendedora e s\u00f3cia na empresa O Amor \u00e9 Simples\u00a0 . Por que at\u00e9 em ambientes [&hellip;]<\/p>\n","protected":false},"author":19,"featured_media":1822,"comment_status":"open","ping_status":"open","sticky":false,"template":"","format":"standard","meta":{"_acf_changed":false,"footnotes":""},"categories":[375],"tags":[551,284,552,556,555,553,554,380],"class_list":["post-1821","post","type-post","status-publish","format-standard","has-post-thumbnail","hentry","category-vos-ativa","tag-empreendedorismo-feminino","tag-feminismo","tag-manifesto","tag-mulheres-lideres","tag-mulheres-no-mercado-de-trabalho","tag-natalia-pegoraro","tag-o-amor-e-simples","tag-vos-ativa"],"acf":[],"_links":{"self":[{"href":"https:\/\/vos.homolog.arsnova.work\/index.php?rest_route=\/wp\/v2\/posts\/1821","targetHints":{"allow":["GET"]}}],"collection":[{"href":"https:\/\/vos.homolog.arsnova.work\/index.php?rest_route=\/wp\/v2\/posts"}],"about":[{"href":"https:\/\/vos.homolog.arsnova.work\/index.php?rest_route=\/wp\/v2\/types\/post"}],"author":[{"embeddable":true,"href":"https:\/\/vos.homolog.arsnova.work\/index.php?rest_route=\/wp\/v2\/users\/19"}],"replies":[{"embeddable":true,"href":"https:\/\/vos.homolog.arsnova.work\/index.php?rest_route=%2Fwp%2Fv2%2Fcomments&post=1821"}],"version-history":[{"count":0,"href":"https:\/\/vos.homolog.arsnova.work\/index.php?rest_route=\/wp\/v2\/posts\/1821\/revisions"}],"wp:featuredmedia":[{"embeddable":true,"href":"https:\/\/vos.homolog.arsnova.work\/index.php?rest_route=\/wp\/v2\/media\/1822"}],"wp:attachment":[{"href":"https:\/\/vos.homolog.arsnova.work\/index.php?rest_route=%2Fwp%2Fv2%2Fmedia&parent=1821"}],"wp:term":[{"taxonomy":"category","embeddable":true,"href":"https:\/\/vos.homolog.arsnova.work\/index.php?rest_route=%2Fwp%2Fv2%2Fcategories&post=1821"},{"taxonomy":"post_tag","embeddable":true,"href":"https:\/\/vos.homolog.arsnova.work\/index.php?rest_route=%2Fwp%2Fv2%2Ftags&post=1821"}],"curies":[{"name":"wp","href":"https:\/\/api.w.org\/{rel}","templated":true}]}}