{"id":1812,"date":"2017-06-06T17:59:00","date_gmt":"2017-06-06T20:59:00","guid":{"rendered":"https:\/\/vos.homolog.arsnova.work\/?p=1812"},"modified":"2017-06-09T12:01:17","modified_gmt":"2017-06-09T15:01:17","slug":"precisamos-ser-versateis","status":"publish","type":"post","link":"https:\/\/vos.homolog.arsnova.work\/?p=1812","title":{"rendered":"Precisamos (?) ser mais vers\u00e1teis"},"content":{"rendered":"<p style=\"text-align: justify;\">Sou contratada como rep\u00f3rter. \u00c9 o que mais gosto e melhor sei fazer como jornalista. Seria muito feliz sendo rep\u00f3rter o resto da vida. Por\u00e9m, de uns tempos pra c\u00e1 venho observando que o mercado nem sempre nos leva pelo caminho mais rom\u00e2ntico ou nem sempre conseguimos conduzir nossa carreira por ele. Precisamos ser, digamos assim, mais vers\u00e1teis.<\/p>\n<p style=\"text-align: justify;\">.<\/p>\n<blockquote>\n<h3 style=\"text-align: justify;\"><strong>A gente amadurece e \u00e9 surpreendido a cada passo. Se descobre tamb\u00e9m. V\u00ea que tem outros talentos. E isso tamb\u00e9m pode ser legal.<\/strong><\/h3>\n<p>.<\/p><\/blockquote>\n<p style=\"text-align: justify;\">Digo isso n\u00e3o pra jogar a toalha, mas porque as coisas est\u00e3o mudando muito e toda esta movimenta\u00e7\u00e3o das &#8220;placas jornal\u00edsticas&#8221; desperta o vulc\u00e3o da reflex\u00e3o sobre a necessidade de sermos cada vez mais vers\u00e1teis e, no bom linguajar popular, &#8220;pau pra toda obra&#8221;.\u00a0Um exemplo: a figura do rep\u00f3rter especial tem sido extinta aos poucos. N\u00e3o encontramos mais nas reda\u00e7\u00f5es um cara destacado somente para grandes mat\u00e9rias ou coberturas especiais.<\/p>\n<p style=\"text-align: justify;\">.<\/p>\n<blockquote>\n<h2 style=\"text-align: justify;\"><strong>O rep\u00f3rter que consegue fazer pautas mais trabalhadas \u00e9 o mesmo que apurou ocorr\u00eancia policial a semana toda e que fez bico na produ\u00e7\u00e3o quando o colega foi para o departamento m\u00e9dico.<\/strong><\/h2>\n<p>.<\/p><\/blockquote>\n<p style=\"text-align: justify;\">Outro exemplo: as editorias est\u00e3o sendo extintas. O enxugamento das reda\u00e7\u00f5es provoca a pulveriza\u00e7\u00e3o das pautas conforme a demanda e a equipe.\u00a0Hoje eu cubro economia, amanh\u00e3 me pautam para meio ambiente. Provoca tamb\u00e9m dan\u00e7a das cadeiras, o que nem sempre agrada a gregos e troianos.\u00a0Mais um exemplo: oportunidades diferentes\/in\u00e9ditas surgem conforme o andar da carruagem. Quando menos se espera, vem o convite para cobrir uma editoria aqui, uma ancoragem ali, uma fun\u00e7\u00e3o nova acol\u00e1.<\/p>\n<p style=\"text-align: justify;\">.<\/p>\n<blockquote>\n<h2 style=\"text-align: justify;\"><strong>Aproveitar estas janelas pode ser uma forma de descobrir novos talentos e aptid\u00f5es.<\/strong><\/h2>\n<p>.<\/p><\/blockquote>\n<p style=\"text-align: justify;\">\u00daltimo exemplo: a boa not\u00edcia desta movimenta\u00e7\u00e3o \u00e9 que ela abre espa\u00e7o, e muito, para iniciativas e projetos inovadores dentro do jornalismo.\u00a0Enquanto a m\u00eddia convencional est\u00e1 encolhendo, uma m\u00eddia ousada, em tempo real, tamb\u00e9m confi\u00e1vel, \u00e0s vezes at\u00e9 bem segmentada, est\u00e1 crescendo.<\/p>\n<p style=\"text-align: justify;\">Volto a dizer: n\u00e3o sou a favor de jogar a toalha e desistir de toda a estrat\u00e9gia inicial de jogo, mas voto na versatilidade. Aproveitar novas oportunidades n\u00e3o \u00e9 perda de tempo. E rep\u00f3rter que \u00e9 rep\u00f3rter vai ser sempre, porque isso t\u00e1 no sangue.<\/p>\n","protected":false},"excerpt":{"rendered":"<p>Sou contratada como rep\u00f3rter. \u00c9 o que mais gosto e melhor sei fazer como jornalista. Seria muito feliz sendo rep\u00f3rter [&hellip;]<\/p>\n","protected":false},"author":7,"featured_media":1814,"comment_status":"open","ping_status":"open","sticky":false,"template":"","format":"standard","meta":{"_acf_changed":false,"footnotes":""},"categories":[14],"tags":[179,550,51,360,549,11],"class_list":["post-1812","post","type-post","status-publish","format-standard","has-post-thumbnail","hentry","category-reporteando","tag-jornalismo","tag-mercado-de-trabalho","tag-renata-colombo","tag-reportagem","tag-versatilidade","tag-vos"],"acf":[],"_links":{"self":[{"href":"https:\/\/vos.homolog.arsnova.work\/index.php?rest_route=\/wp\/v2\/posts\/1812","targetHints":{"allow":["GET"]}}],"collection":[{"href":"https:\/\/vos.homolog.arsnova.work\/index.php?rest_route=\/wp\/v2\/posts"}],"about":[{"href":"https:\/\/vos.homolog.arsnova.work\/index.php?rest_route=\/wp\/v2\/types\/post"}],"author":[{"embeddable":true,"href":"https:\/\/vos.homolog.arsnova.work\/index.php?rest_route=\/wp\/v2\/users\/7"}],"replies":[{"embeddable":true,"href":"https:\/\/vos.homolog.arsnova.work\/index.php?rest_route=%2Fwp%2Fv2%2Fcomments&post=1812"}],"version-history":[{"count":0,"href":"https:\/\/vos.homolog.arsnova.work\/index.php?rest_route=\/wp\/v2\/posts\/1812\/revisions"}],"wp:featuredmedia":[{"embeddable":true,"href":"https:\/\/vos.homolog.arsnova.work\/index.php?rest_route=\/wp\/v2\/media\/1814"}],"wp:attachment":[{"href":"https:\/\/vos.homolog.arsnova.work\/index.php?rest_route=%2Fwp%2Fv2%2Fmedia&parent=1812"}],"wp:term":[{"taxonomy":"category","embeddable":true,"href":"https:\/\/vos.homolog.arsnova.work\/index.php?rest_route=%2Fwp%2Fv2%2Fcategories&post=1812"},{"taxonomy":"post_tag","embeddable":true,"href":"https:\/\/vos.homolog.arsnova.work\/index.php?rest_route=%2Fwp%2Fv2%2Ftags&post=1812"}],"curies":[{"name":"wp","href":"https:\/\/api.w.org\/{rel}","templated":true}]}}