{"id":1808,"date":"2017-06-06T13:43:37","date_gmt":"2017-06-06T16:43:37","guid":{"rendered":"https:\/\/vos.homolog.arsnova.work\/?p=1808"},"modified":"2017-06-06T13:43:37","modified_gmt":"2017-06-06T16:43:37","slug":"os-livros-sao-o-meu-futuro","status":"publish","type":"post","link":"https:\/\/vos.homolog.arsnova.work\/?p=1808","title":{"rendered":"&#8220;Os livros s\u00e3o o meu futuro&#8221;"},"content":{"rendered":"<p style=\"text-align: justify\">A imagem da pequena Riv\u00e2nia, de 8 anos, em meio \u00e0 enchente que atingiu a pequena\u00a0cidade S\u00e3o Jos\u00e9 da Coroa Grande, no interior de Pernambuco, viralizou na web e virou not\u00edcia. A menina foi aconselhada a levar da casa alagada o que considerasse mais importante. Carregou\u00a0sua mochila com livros e cadernos, por nele estarem &#8220;o seu futuro&#8221;. Como n\u00e3o se comover com uma fala com essa? Blogs de todos os tipos deram a not\u00edcia, at\u00e9 a\u00a0<a href=\"https:\/\/globoplay.globo.com\/v\/5916707\/\">grande m\u00eddia<\/a> deu destaque para a atitude da menina. O governador de Pernambuco aproveitou o ensejo para doar livros para Riv\u00e2nia e sua escola.<\/p>\n<p style=\"text-align: justify\">Sempre que aparecem not\u00edcias positivas como essa, meu cora\u00e7\u00e3o se enche de esperan\u00e7a. \u00c9 fato raro\u00a0uma pessoa que n\u00e3o \u00e9 da elite\u00a0parar nos notici\u00e1rios por uma raz\u00e3o positiva. O detalhe mais tocante \u00e9 a que essa garotinha ainda \u00e9 analfabeta, s\u00f3 tem a intui\u00e7\u00e3o de que os livros s\u00e3o o caminho para um futuro melhor.<\/p>\n<p style=\"text-align: justify\">N\u00e3o t\u00e3o longe na quest\u00e3o financeira, mas mostrados como verdadeiros monstros, est\u00e3o os usu\u00e1rios de crack de S\u00e3o Paulo. Ao destruir o local da famosa Cracol\u00e2ndia, a prefeitura achou que resolveria magicamente um grave problema social e de sa\u00fade p\u00fablica. A quest\u00e3o n\u00e3o \u00e9 nova, como mostra essa mat\u00e9ria <a href=\"https:\/\/noticias.uol.com.br\/cotidiano\/ultimas-noticias\/2017\/06\/05\/sao-paulo-luta-ha-20-anos-contra-a-cracolandia-sem-vencer-por-que.htm\">aqui<\/a>, dura pelo menos 20 anos.<\/p>\n<p style=\"text-align: justify\">O escritor Joca Reiners Terron, radicado em S\u00e3o Paulo desde a d\u00e9cada de 1990, mostra a luta entre policiais e usu\u00e1rios de crack\u00a0como pano de fundo do livro\u00a0<i>A tristeza extraordin\u00e1ria do Leopardo-das-Neves,\u00a0<\/i>lan\u00e7ado em 2013.<\/p>\n<blockquote>\n<p style=\"text-align: justify\"><span style=\"font-weight: 400\">&#8220;Da janela do carro, ao passarmos pela regi\u00e3o da Luz, enquanto ele investigava alguma cena microsc\u00f3pica que ocorria na nuca do motorista, eu via os vultos dos viciados em crack se arrastando pelas ruas com seus cobertores, atrav\u00e9s dos quais vazava a chama de isqueiros sendo acesos e apagados, acesos e apagados. Pareciam cora\u00e7\u00f5es pulsantes na noite escura ou estrelas num c\u00e9u preto de tempestade. Cal\u00e7adas inteiras eram cobertas pelo emaranhado de\u00a0<\/span><span style=\"font-weight: 400\">membros, bra\u00e7os e pernas e pesco\u00e7os de um s\u00f3 corpo sem in\u00edcio nem fim. A brigada policial observava aquele imenso tapete humano \u00e0 dist\u00e2ncia, de cassetetes na m\u00e3o, tangendo-o em blocos para o lado de l\u00e1 da pra\u00e7a, mas qual lado?&#8221;<\/span><\/p>\n<\/blockquote>\n<p>Um pouco mais adiante, ele amplia o olhar sobre esse\u00a0assunto, que ronda S\u00e3o Paulo h\u00e1 tanto tempo:<\/p>\n<blockquote>\n<p style=\"text-align: justify\"><span style=\"font-weight: 400\">&#8220;O campo de concentra\u00e7\u00e3o estava ali mesmo, \u00e0 vista de todos, no centro da cidade. De repente, uma bomba de g\u00e1s lacrimog\u00eaneo explodiu e os noias debandaram em nossa dire\u00e7\u00e3o, impedindo a passagem do t\u00e1xi. Pude examin\u00e1-los muito de perto, como se estivesse no zool\u00f3gico e observasse as jaulas dos animais. Suas caras eram umas m\u00e1scaras distorcidas de medo e f\u00faria, roupas imundas, a pele enegrecida de \u00f3leo e fuligem. Um deles se aproximou, encostando os olhos e exibindo as gengivas na janela ao lado do velho, que o encarou com toda a sua\u00a0<\/span><span style=\"font-weight: 400\">apatia. De imediato aqueles dois pares de olhos reconheceram um ao outro atrav\u00e9s do vidro, e por um instante pensei que afinal n\u00e3o eram os viciados que estavam entre as grades do zool\u00f3gico, e sim n\u00f3s detr\u00e1s de vidros e portas fechadas.&#8221;<\/span><\/p>\n<\/blockquote>\n<p style=\"text-align: justify\">A solu\u00e7\u00e3o m\u00e1gica n\u00e3o existe. Nem na Literatura nem no mundo real. Resta ao poder p\u00fablico e \u00e0 popula\u00e7\u00e3o encarar de frente a situa\u00e7\u00e3o, sem manique\u00edsmo.<\/p>\n","protected":false},"excerpt":{"rendered":"<p>A imagem da pequena Riv\u00e2nia, de 8 anos, em meio \u00e0 enchente que atingiu a pequena\u00a0cidade S\u00e3o Jos\u00e9 da Coroa [&hellip;]<\/p>\n","protected":false},"author":5,"featured_media":1807,"comment_status":"open","ping_status":"open","sticky":false,"template":"","format":"standard","meta":{"_acf_changed":false,"footnotes":""},"categories":[4],"tags":[547,548,545,546,544,503],"class_list":["post-1808","post","type-post","status-publish","format-standard","has-post-thumbnail","hentry","category-voos-literarios","tag-a-tristeza-extraordinaria-do-leopardo-das-neves","tag-crack","tag-incentivo-a-leitura","tag-joca-reiners-terron","tag-rivania","tag-sao-paulo"],"acf":[],"_links":{"self":[{"href":"https:\/\/vos.homolog.arsnova.work\/index.php?rest_route=\/wp\/v2\/posts\/1808","targetHints":{"allow":["GET"]}}],"collection":[{"href":"https:\/\/vos.homolog.arsnova.work\/index.php?rest_route=\/wp\/v2\/posts"}],"about":[{"href":"https:\/\/vos.homolog.arsnova.work\/index.php?rest_route=\/wp\/v2\/types\/post"}],"author":[{"embeddable":true,"href":"https:\/\/vos.homolog.arsnova.work\/index.php?rest_route=\/wp\/v2\/users\/5"}],"replies":[{"embeddable":true,"href":"https:\/\/vos.homolog.arsnova.work\/index.php?rest_route=%2Fwp%2Fv2%2Fcomments&post=1808"}],"version-history":[{"count":0,"href":"https:\/\/vos.homolog.arsnova.work\/index.php?rest_route=\/wp\/v2\/posts\/1808\/revisions"}],"wp:featuredmedia":[{"embeddable":true,"href":"https:\/\/vos.homolog.arsnova.work\/index.php?rest_route=\/wp\/v2\/media\/1807"}],"wp:attachment":[{"href":"https:\/\/vos.homolog.arsnova.work\/index.php?rest_route=%2Fwp%2Fv2%2Fmedia&parent=1808"}],"wp:term":[{"taxonomy":"category","embeddable":true,"href":"https:\/\/vos.homolog.arsnova.work\/index.php?rest_route=%2Fwp%2Fv2%2Fcategories&post=1808"},{"taxonomy":"post_tag","embeddable":true,"href":"https:\/\/vos.homolog.arsnova.work\/index.php?rest_route=%2Fwp%2Fv2%2Ftags&post=1808"}],"curies":[{"name":"wp","href":"https:\/\/api.w.org\/{rel}","templated":true}]}}