{"id":1774,"date":"2017-06-02T16:32:04","date_gmt":"2017-06-02T19:32:04","guid":{"rendered":"https:\/\/vos.homolog.arsnova.work\/?p=1774"},"modified":"2017-06-03T20:59:15","modified_gmt":"2017-06-03T23:59:15","slug":"programa-imperdivel-pro-fim-de-semana","status":"publish","type":"post","link":"https:\/\/vos.homolog.arsnova.work\/?p=1774","title":{"rendered":"Programa imperd\u00edvel pro fim de semana"},"content":{"rendered":"<blockquote>\n<h3 style=\"text-align: center;\"><strong>Nesse fim de semana tem dois espet\u00e1culos \u00edmpares pra gurizada!<\/strong><\/h3>\n<\/blockquote>\n<p style=\"padding-left: 450px;\"><a href=\"https:\/\/vos.homolog.arsnova.work\/wp-content\/uploads\/2017\/06\/18880178_1377688485620281_4656574254349789599_o.jpg\"><img loading=\"lazy\" decoding=\"async\" class=\"alignnone size-medium wp-image-1784\" src=\"https:\/\/vos.homolog.arsnova.work\/wp-content\/uploads\/2017\/06\/18880178_1377688485620281_4656574254349789599_o-214x300.jpg\" alt=\"\" width=\"214\" height=\"300\" \/><\/a><\/p>\n<blockquote>\n<h2 style=\"text-align: center;\"><strong>TEM GATO NA TUBA<\/strong><\/h2>\n<\/blockquote>\n<p>&nbsp;<\/p>\n<div id=\"comp-j30fdkmm\" class=\"txtNew\">\n<p class=\"font_8\" style=\"text-align: justify;\">Um cortejo carnavalesco abre o espet\u00e1culo em clima de festa. \u00c9 um ambiente antigo de carnaval dos anos 50\/60, com certa ingenuidade no ar. A m\u00fasica Tem Gato na Tuba faz as personagens lembrarem as can\u00e7\u00f5es e hist\u00f3rias do compositor Jo\u00e3o de Barro, o Braguinha. Esta trupe resolve, ent\u00e3o, contar as hist\u00f3rias que antigamente fizeram sucesso na colorida cole\u00e7\u00e3o Disquinho. Interpretam, cantam e narram tr\u00eas hist\u00f3rias muito divertidas: Hist\u00f3ria da Baratinha, A Festa no C\u00e9u e Chapeuzinho Vermelho. Cada hist\u00f3ria acentua uma linguagem para ganhar vida no palco, passando por teatro de m\u00e1scaras, m\u00edmica, teatro de anima\u00e7\u00e3o e manipula\u00e7\u00e3o de objetos. Tudo entrecortado por marchinhas carnavalescas e famosas can\u00e7\u00f5es de Braguinha.<\/p>\n<p class=\"font_8\">\n<\/div>\n<p style=\"padding-left: 390px;\"><img loading=\"lazy\" decoding=\"async\" class=\"alignnone size-medium wp-image-1781\" src=\"https:\/\/vos.homolog.arsnova.work\/wp-content\/uploads\/2017\/06\/unnamed-1-300x297.jpg\" alt=\"\" width=\"300\" height=\"297\" \/><\/p>\n<blockquote>\n<h2 class=\"m_5734056647760840146MsoBodyText\" style=\"text-align: center;\"><strong>PITOCANDO<\/strong><\/h2>\n<\/blockquote>\n<p class=\"m_5734056647760840146MsoBodyText\" style=\"text-align: justify;\">Sens\u00edvel, expressivo e l\u00fadico. Combina\u00e7\u00e3o de sons, brincadeiras e cores que a crian\u00e7ada e toda a fam\u00edlias tem aplaudido e repetido. Uma del\u00edcia! Indicado para beb\u00eas e crian\u00e7as de 0 a 8 anos,\u00a0<span class=\"il\">Pitocando<\/span>\u00a0\u00e9 ac\u00fastico, com dura\u00e7\u00e3o de 45 minutos. Resgate de can\u00e7\u00f5es, lendas e ditos! Resultado, 16 m\u00fasicas pin\u00e7adas deste rico repert\u00f3rio folcl\u00f3rico, 9 composi\u00e7\u00f5es que costuram esse passeio musical, 3 lindas vozes e 40 instrumentos de origens das mais variadas (indiana, ind\u00edgena, africana, portuguesa) dividindo espa\u00e7o com materiais musicais alternativos (vidrofone, megafone e apito de PET, celofanes, jornal). No palco, as cantoras\/instrumentistas d\u00e3o significado para as can\u00e7\u00f5es, com muito afeto. Flautas costuram \u201cBambalal\u00e3o\u201d \u00e0 textura instrumental da tambura com o vidrofone. Caxixis embalam o metalofone em \u201cSaci\u201d. A plat\u00e9ia \u00e9 convidada a participar com a trupe, tocando clavas coloridas, caxixis, cantando, brincando de adivinhas e se remexendo.<\/p>\n<p class=\"m_5734056647760840146MsoBodyText\">Eu, se fosse voc\u00eas, ia nos dois!<\/p>\n<div><em>\u00a0*As informa\u00e7\u00f5es foram fornecidas pela produ\u00e7\u00e3o dos espet\u00e1culos.<\/em><\/div>\n<div><\/div>\n<div><em>** A arte da m\u00e1scaras foi feita pelo Benjamin. Segundo ele: &#8220;nossa coluna \u00e9 ilustrada com desenhos, hoje fizemos um exce\u00e7\u00e3o e usamos massinha de modelar&#8221;.<\/em><\/div>\n<div><\/div>\n","protected":false},"excerpt":{"rendered":"<p>Nesse fim de semana tem dois espet\u00e1culos \u00edmpares pra gurizada! TEM GATO NA TUBA &nbsp; Um cortejo carnavalesco abre o [&hellip;]<\/p>\n","protected":false},"author":10,"featured_media":1787,"comment_status":"open","ping_status":"open","sticky":false,"template":"","format":"standard","meta":{"_acf_changed":false,"footnotes":""},"categories":[17],"tags":[538,144,535,537,536],"class_list":["post-1774","post","type-post","status-publish","format-standard","has-post-thumbnail","hentry","category-raquel-grabauska","tag-espetaculo","tag-musica","tag-pitocando","tag-teatro","tag-tem-gato-na-tuba"],"acf":[],"_links":{"self":[{"href":"https:\/\/vos.homolog.arsnova.work\/index.php?rest_route=\/wp\/v2\/posts\/1774","targetHints":{"allow":["GET"]}}],"collection":[{"href":"https:\/\/vos.homolog.arsnova.work\/index.php?rest_route=\/wp\/v2\/posts"}],"about":[{"href":"https:\/\/vos.homolog.arsnova.work\/index.php?rest_route=\/wp\/v2\/types\/post"}],"author":[{"embeddable":true,"href":"https:\/\/vos.homolog.arsnova.work\/index.php?rest_route=\/wp\/v2\/users\/10"}],"replies":[{"embeddable":true,"href":"https:\/\/vos.homolog.arsnova.work\/index.php?rest_route=%2Fwp%2Fv2%2Fcomments&post=1774"}],"version-history":[{"count":0,"href":"https:\/\/vos.homolog.arsnova.work\/index.php?rest_route=\/wp\/v2\/posts\/1774\/revisions"}],"wp:featuredmedia":[{"embeddable":true,"href":"https:\/\/vos.homolog.arsnova.work\/index.php?rest_route=\/wp\/v2\/media\/1787"}],"wp:attachment":[{"href":"https:\/\/vos.homolog.arsnova.work\/index.php?rest_route=%2Fwp%2Fv2%2Fmedia&parent=1774"}],"wp:term":[{"taxonomy":"category","embeddable":true,"href":"https:\/\/vos.homolog.arsnova.work\/index.php?rest_route=%2Fwp%2Fv2%2Fcategories&post=1774"},{"taxonomy":"post_tag","embeddable":true,"href":"https:\/\/vos.homolog.arsnova.work\/index.php?rest_route=%2Fwp%2Fv2%2Ftags&post=1774"}],"curies":[{"name":"wp","href":"https:\/\/api.w.org\/{rel}","templated":true}]}}