{"id":1714,"date":"2017-05-31T10:53:05","date_gmt":"2017-05-31T13:53:05","guid":{"rendered":"https:\/\/vos.homolog.arsnova.work\/?p=1714"},"modified":"2017-06-01T15:32:22","modified_gmt":"2017-06-01T18:32:22","slug":"o-governo-michel-temer-e-um-cadaver-que-nao-apodrece","status":"publish","type":"post","link":"https:\/\/vos.homolog.arsnova.work\/?p=1714","title":{"rendered":"O governo Michel Temer \u00e9 um cad\u00e1ver que n\u00e3o apodrece"},"content":{"rendered":"<p style=\"text-align: justify;\">O governo Michel Temer tenta brincar de L\u00e1zaro. Esteve imensamente morto, logo depois da devastadora grava\u00e7\u00e3o de sua conversa com Joesley Batista, e continua bastante morto desde ent\u00e3o &#8211; afinal, n\u00e3o conseguiu sair da defensiva, passa os seus dias a rebater acusa\u00e7\u00f5es e demonstra fragilidade absoluta no trato com o Congresso, sendo incapaz de evitar que <a href=\"http:\/\/veja.abril.com.br\/politica\/candidatura-tasso-irrita-base-de-apoio-a-temer\/\">os agregados discutam a partilha do esp\u00f3lio<\/a>, mesmo antes do capit\u00e3o dar o grito de abandonar o navio. O pa\u00eds est\u00e1 paralisado, a economia definha, as institui\u00e7\u00f5es funcionam com a harmonia e a fluidez de um moedor de carne enferrujado.<\/p>\n<h4 style=\"text-align: justify;\">.<\/h4>\n<h4 style=\"text-align: justify;\">Ainda assim, est\u00e1 se dando com o cadav\u00e9rico governo Temer um estranho fen\u00f4meno: ao mesmo tempo que decomp\u00f5e-se de forma vis\u00edvel, suas fei\u00e7\u00f5es ganham uma cor mais viva, sua apar\u00eancia d\u00e1 ligeiros sinais de melhora, a carca\u00e7a esquenta ao inv\u00e9s de esfriar. Enquanto morre, d\u00e1 sinais de que pode reviver. Como explicar tal coisa?<\/h4>\n<p>.<\/p>\n<p style=\"text-align: justify;\">Na verdade, quem enxerga esses tempos de incerteza em termos de Michel Temer est\u00e1 visualizando apenas uma parcela do todo. Ningu\u00e9m quer realmente que Temer sobreviva politicamente, possivelmente nem ele pr\u00f3prio: a batalha \u00e9 para manter vivo um grupo pol\u00edtico, que se alastra por alguns partidos, e que chegou a poder menos por estrat\u00e9gia e muito mais por senso de oportunidade. Ter o poder \u00e9 ter d\u00edvidas caras a pagar e pouca margem para perd\u00f5es ou parcelamentos. Basta olhar para Lula e Dilma para entender o peso dessa afirma\u00e7\u00e3o.<\/p>\n<p style=\"text-align: justify;\">Michel Temer e sua entourage chegaram ao Planalto assumindo uma tarefa clara: estabilizar a economia e entregar as reformas encomendadas n\u00e3o apenas pelo sistema financeiro, mas pelo alto empresariado e pelos bar\u00f5es do agroneg\u00f3cio, entre outros. <strong>Atingir essa meta \u00e9 mais do que uma prerrogativa do atual governo: \u00e9 um dever inalien\u00e1vel para qualquer um desse grupo que deseje ter futuro na pol\u00edtica. <\/strong><\/p>\n<p style=\"text-align: justify;\">Como se v\u00ea, a dificuldade para cumprir a miss\u00e3o \u00e9 cada vez maior. E os recentes acontecimentos n\u00e3o ajudaram muito um presidente que, antes dos \u00e1udios, j\u00e1 tinha uma popularidade rid\u00edcula e necessitava rastejar diante de deputados para aprovar, mesmo nas primeiras vota\u00e7\u00f5es, suas pol\u00eamicas iniciativas.<\/p>\n<p style=\"text-align: justify;\">.<\/p>\n<h2 style=\"text-align: justify;\">Em meio a essas duas urg\u00eancias &#8211; a de salvar o projeto delineado e tamb\u00e9m o pr\u00f3prio pesco\u00e7o &#8211; a conta que Michel Temer e seus aliados fi\u00e9is fazem \u00e9 em termos de calend\u00e1rio. Cada dia que passa \u00e9 um pequeno respiro, um passo de beb\u00ea para fora da \u00e1rea de tempestade.<\/h2>\n<p>.<\/p>\n<p style=\"text-align: justify;\">Por isso j\u00e1 \u00e9 poss\u00edvel ver estrat\u00e9gias para <a href=\"http:\/\/www.valor.com.br\/politica\/4985124\/temer-cria-estrategia-para-ficar-120-dias-no-cargo-caso-perca-no-tse\">arrastar o julgamento da chapa Dilma-Temer no TSE por, pelo menos, 120 dias<\/a>. Por isso o esfor\u00e7o de garantir que Osmar Serraglio n\u00e3o volte ao Congresso, <a href=\"http:\/\/www1.folha.uol.com.br\/poder\/2017\/05\/1888669-temer-se-irrita-com-serraglio-e-avalia-alternativa-para-dar-foro-a-loures.shtml\">mantendo o suplente (e potencial delator) Rocha Loures com mandato em vigor<\/a>. Por isso \u00e9 refor\u00e7ada, em todas as oportunidades dispon\u00edveis e <a href=\"http:\/\/www.valor.com.br\/politica\/4986886\/temer-faz-pacto-com-fhc-para-votar-reformas\">at\u00e9 mesmo em algumas criadas especialmente para esse fim<\/a>, que a agenda de reformas continua, que o presidente est\u00e1 firme, que o pa\u00eds n\u00e3o pode parar. Por isso Rodrigo Maia, um dos integrantes dessa constru\u00e7\u00e3o, j\u00e1 deu sinais claros de que <a href=\"http:\/\/politica.estadao.com.br\/noticias\/geral,em-duas-semanas-camara-recebe-14-pedidos-de-impeachment-de-temer,70001818121\">arquivar\u00e1 ou sentar\u00e1 indefinidamente em todas as propostas de impeachment<\/a> que chegarem em seu caminho.<\/p>\n<p style=\"text-align: justify;\">Na panela de press\u00e3o que cozinha o ex-vice, a esperan\u00e7a de seus parceiros \u00e9 que o g\u00e1s do fog\u00e3o acabe antes que a carne esteja no ponto para servir. \u00c9 uma engenharia dif\u00edcil, mas n\u00e3o invi\u00e1vel &#8211; ainda mais em um cen\u00e1rio onde v\u00e1rios setores tentam diminuir a intensidade do fogo, e os grupos capazes de colocar mais chamas em a\u00e7\u00e3o ainda buscam a melhor maneira de acender os f\u00f3sforos. A briga mais importante est\u00e1 ali, no entorno do fog\u00e3o. \u00c9 para l\u00e1 que me parece mais conveniente olhar.<\/p>\n<p style=\"text-align: justify;\"><em>Foto: Valter Campanato\/Ag\u00eancia Brasil<\/em><\/p>\n","protected":false},"excerpt":{"rendered":"<p>O governo Michel Temer tenta brincar de L\u00e1zaro. Esteve imensamente morto, logo depois da devastadora grava\u00e7\u00e3o de sua conversa com [&hellip;]<\/p>\n","protected":false},"author":14,"featured_media":1715,"comment_status":"open","ping_status":"open","sticky":false,"template":"","format":"standard","meta":{"_acf_changed":false,"footnotes":""},"categories":[20],"tags":[530,529,121,531,532],"class_list":["post-1714","post","type-post","status-publish","format-standard","has-post-thumbnail","hentry","category-igor-natusch","tag-crise-politica","tag-impeachment","tag-michel-temer","tag-rodrigo-maia","tag-tse"],"acf":[],"_links":{"self":[{"href":"https:\/\/vos.homolog.arsnova.work\/index.php?rest_route=\/wp\/v2\/posts\/1714","targetHints":{"allow":["GET"]}}],"collection":[{"href":"https:\/\/vos.homolog.arsnova.work\/index.php?rest_route=\/wp\/v2\/posts"}],"about":[{"href":"https:\/\/vos.homolog.arsnova.work\/index.php?rest_route=\/wp\/v2\/types\/post"}],"author":[{"embeddable":true,"href":"https:\/\/vos.homolog.arsnova.work\/index.php?rest_route=\/wp\/v2\/users\/14"}],"replies":[{"embeddable":true,"href":"https:\/\/vos.homolog.arsnova.work\/index.php?rest_route=%2Fwp%2Fv2%2Fcomments&post=1714"}],"version-history":[{"count":0,"href":"https:\/\/vos.homolog.arsnova.work\/index.php?rest_route=\/wp\/v2\/posts\/1714\/revisions"}],"wp:featuredmedia":[{"embeddable":true,"href":"https:\/\/vos.homolog.arsnova.work\/index.php?rest_route=\/wp\/v2\/media\/1715"}],"wp:attachment":[{"href":"https:\/\/vos.homolog.arsnova.work\/index.php?rest_route=%2Fwp%2Fv2%2Fmedia&parent=1714"}],"wp:term":[{"taxonomy":"category","embeddable":true,"href":"https:\/\/vos.homolog.arsnova.work\/index.php?rest_route=%2Fwp%2Fv2%2Fcategories&post=1714"},{"taxonomy":"post_tag","embeddable":true,"href":"https:\/\/vos.homolog.arsnova.work\/index.php?rest_route=%2Fwp%2Fv2%2Ftags&post=1714"}],"curies":[{"name":"wp","href":"https:\/\/api.w.org\/{rel}","templated":true}]}}