{"id":1706,"date":"2017-05-25T21:32:07","date_gmt":"2017-05-26T00:32:07","guid":{"rendered":"https:\/\/vos.homolog.arsnova.work\/?p=1706"},"modified":"2017-06-02T09:01:26","modified_gmt":"2017-06-02T12:01:26","slug":"nao-nao-querem-que-tenhas-cobertura-medica-mesmo","status":"publish","type":"post","link":"https:\/\/vos.homolog.arsnova.work\/?p=1706","title":{"rendered":"N\u00e3o, n\u00e3o querem que tenhas cobertura m\u00e9dica mesmo"},"content":{"rendered":"<h5 class=\"p1\" style=\"text-align: justify\"><i>(you can read this article in English <a href=\"https:\/\/vos.homolog.arsnova.work\/nos-us\/no-they-really-d\u2026medical-coverage\/\">here<\/a>)<\/i><\/h5>\n<p class=\"p1\" style=\"text-align: justify\">Parecia a nota final em mar\u00e7o quando, para a surpresa de ningu\u00e9m, o Partido Republicano n\u00e3o conseguiu passar o seu esbo\u00e7o de legisla\u00e7\u00e3o sobre o sistema de sa\u00fade dos Estados Unidos. Foi escrita \u00e0s pressas sem que o partido tivesse uma ideia esclarecida do que queria fazer para revogar e substituir o nomeado <i>Obamacare<\/i>, j\u00e1 h\u00e1 v\u00e1rios anos em vigor. Foi tudo um fracasso. Por\u00e9m, passados dois meses, uma vers\u00e3o n\u00e3o mais bem articulada da mesma legisla\u00e7\u00e3o foi apresentada novamente e, desta vez, passou. O Senado ter\u00e1 a \u00faltima palavra sobre emendas e mudan\u00e7as da proposta.<\/p>\n<p class=\"p1\" style=\"text-align: justify\">.<\/p>\n<h2 class=\"p1\" style=\"text-align: justify\">Revela-se um desejo c\u00ednico de tirar a cobertura m\u00e9dica que as massas agora desfrutam<\/h2>\n<p>.<\/p>\n<p class=\"p1\" style=\"text-align: justify\">Basta dizer que a proposta de legisla\u00e7\u00e3o seria um desastre para os milh\u00f5es que adquiriram plano de sa\u00fade com o Obamacare. Para aplacar a fac\u00e7\u00e3o conservadora do partido, todo tipo de condi\u00e7\u00e3o m\u00e9dica existente ou deixava de ser incluido na cobertura, ou teria franquias absurdamente altas. Esta legisla\u00e7\u00e3o \u00e9 um ataque frontal \u00e0 sa\u00fade e ao bem-estar da popula\u00e7\u00e3o do pa\u00eds. E n\u00e3o \u00e9 mera coincid\u00eancia.<\/p>\n<p class=\"p1\" style=\"text-align: justify\">Parte da explica\u00e7\u00e3o disso tudo \u00e9 porque assist\u00eancia m\u00e9dica n\u00e3o \u00e9 vista como um direito fundamental no lado conservador dos Estados Unidos, sen\u00e3o um privil\u00e9gio para quem tiver o poder adquisitivo mant\u00ea-la. Segundo a l\u00f3gica, o interesse n\u00e3o reside no paciente ou segurado, mas sim na corpora\u00e7\u00e3o que ganha com isso. Acham que a cobertura em massa da popula\u00e7\u00e3o americana gera danos para as seguradoras e provedores de assist\u00eancia m\u00e9dica. Resta constar que nem a popula\u00e7\u00e3o est\u00e1 disposta a uma reforma de tamanho impacto, nem as seguradoras est\u00e3o contentes com as mudan\u00e7as propostas. Revela-se, portanto, um desejo c\u00ednico de tirar a cobertura m\u00e9dica que as massas agora desfrutam.<\/p>\n<p class=\"p1\" style=\"text-align: justify\">A vers\u00e3o nova da legisla\u00e7\u00e3o aplacou uma divis\u00e3o dos conservadores suficiente para passar na C\u00e2mara. N\u00e3o \u00e9 de todo legisla\u00e7\u00e3o bem pensada, nem apoiada pelo p\u00fablico. Falta ver se o Senado reconhece o cen\u00e1rio como tal, ou se a sa\u00fade for o tema que expulsa os republicanos do poder no Congresso em 2018.<\/p>\n<h6 class=\"p1\" style=\"text-align: justify\">Imagem: Maria Kaloudi<\/h6>\n","protected":false},"excerpt":{"rendered":"<p>(you can read this article in English here) Parecia a nota final em mar\u00e7o quando, para a surpresa de ningu\u00e9m, [&hellip;]<\/p>\n","protected":false},"author":6,"featured_media":1708,"comment_status":"open","ping_status":"open","sticky":false,"template":"","format":"standard","meta":{"_acf_changed":false,"footnotes":""},"categories":[6],"tags":[523,54,524,53,522],"class_list":["post-1706","post","type-post","status-publish","format-standard","has-post-thumbnail","hentry","category-nos-us","tag-congresso","tag-nos-us","tag-partido-republicano","tag-sacha","tag-sistema-de-saude"],"acf":[],"_links":{"self":[{"href":"https:\/\/vos.homolog.arsnova.work\/index.php?rest_route=\/wp\/v2\/posts\/1706","targetHints":{"allow":["GET"]}}],"collection":[{"href":"https:\/\/vos.homolog.arsnova.work\/index.php?rest_route=\/wp\/v2\/posts"}],"about":[{"href":"https:\/\/vos.homolog.arsnova.work\/index.php?rest_route=\/wp\/v2\/types\/post"}],"author":[{"embeddable":true,"href":"https:\/\/vos.homolog.arsnova.work\/index.php?rest_route=\/wp\/v2\/users\/6"}],"replies":[{"embeddable":true,"href":"https:\/\/vos.homolog.arsnova.work\/index.php?rest_route=%2Fwp%2Fv2%2Fcomments&post=1706"}],"version-history":[{"count":0,"href":"https:\/\/vos.homolog.arsnova.work\/index.php?rest_route=\/wp\/v2\/posts\/1706\/revisions"}],"wp:featuredmedia":[{"embeddable":true,"href":"https:\/\/vos.homolog.arsnova.work\/index.php?rest_route=\/wp\/v2\/media\/1708"}],"wp:attachment":[{"href":"https:\/\/vos.homolog.arsnova.work\/index.php?rest_route=%2Fwp%2Fv2%2Fmedia&parent=1706"}],"wp:term":[{"taxonomy":"category","embeddable":true,"href":"https:\/\/vos.homolog.arsnova.work\/index.php?rest_route=%2Fwp%2Fv2%2Fcategories&post=1706"},{"taxonomy":"post_tag","embeddable":true,"href":"https:\/\/vos.homolog.arsnova.work\/index.php?rest_route=%2Fwp%2Fv2%2Ftags&post=1706"}],"curies":[{"name":"wp","href":"https:\/\/api.w.org\/{rel}","templated":true}]}}