{"id":1701,"date":"2017-05-25T16:25:52","date_gmt":"2017-05-25T19:25:52","guid":{"rendered":"https:\/\/vos.homolog.arsnova.work\/?p=1701"},"modified":"2017-10-02T10:39:56","modified_gmt":"2017-10-02T13:39:56","slug":"o-estado-te-considera-doente","status":"publish","type":"post","link":"https:\/\/vos.homolog.arsnova.work\/?p=1701","title":{"rendered":"O Estado te considera doente?"},"content":{"rendered":"<p style=\"text-align: justify;\">Semana passada se comemorou em 17 de maio o Dia Internacional de Luta Contra a Homofobia. A data tem um significado hist\u00f3rico. Foi em 17 de maio de 1990 que a Organiza\u00e7\u00e3o Mundial da Sa\u00fade deixou de considerar a homossexualidade uma doen\u00e7a.\u00a0Devemos celebrar muito esta conquista. Foi um importante respaldo institucional que certamente contribuiu no processo de empoderamento de muitos homossexuais no mundo inteiro.<\/p>\n<p style=\"text-align: justify;\">.<\/p>\n<blockquote>\n<h2 style=\"text-align: center;\"><strong>Fica muito mais f\u00e1cil migrar da vergonha para o orgulho quando a principal organiza\u00e7\u00e3o internacional de sa\u00fade reconhece que a homossexualidade \u00e9 uma express\u00e3o natural sexualidade humana, n\u00e3o uma doen\u00e7a<\/strong><\/h2>\n<\/blockquote>\n<p>.<\/p>\n<p style=\"text-align: justify;\">Acontece que, 27 anos ap\u00f3s esta conquista, n\u00e3o podemos esquecer que a popula\u00e7\u00e3o de travestis e transexuais ainda n\u00e3o tem este \u201cprivil\u00e9gio\u201d de n\u00e3o ser considerada doente. De ter sua express\u00e3o de g\u00eanero tratada pela medicina e pelo Estado como algo natural, n\u00e3o como um transtorno psiqui\u00e1trico.<\/p>\n<p style=\"text-align: justify;\"><strong>At\u00e9 hoje o Cat\u00e1logo Internacional de Doen\u00e7as (CID) da OMS considera o \u201ctransexualismo\u201d e a \u201ctravestilidade\u201d como doen\u00e7as mentais.<\/strong> As institui\u00e7\u00f5es da psiquiatria tamb\u00e9m apertam seus torniquetes contra esta popula\u00e7\u00e3o. O Manual Estat\u00edstico e Diagn\u00f3stico de Transtornos Mentais (DSM) lista a transexualidade como uma \u201cdisforia de g\u00eanero\u201d.<\/p>\n<p style=\"text-align: justify;\">N\u00e3o se trata apenas de letras mortas em cat\u00e1logos e manuais. Estas classifica\u00e7\u00f5es t\u00eam um efeito cruel na vida de travestis e transexuais, que precisam submeter-se a laudos psiqui\u00e1tricos para ter acesso a tratamentos hormonais e para conseguir, na Justi\u00e7a, o direito pleno \u00e0 identidade.<\/p>\n<p style=\"text-align: justify;\">\u00c9 um absurdo que deixaria qualquer pessoa cisg\u00eanera completamente revoltada se tivesse que ser submetida a este tipo de procedimento. Imaginem a Justi\u00e7a exigir que a medicina lavre um laudo para dizer que uma pessoa cisg\u00eanera de fato se identifica com o g\u00eanero que lhe foi atribu\u00eddo no nascimento? S\u00e3o opress\u00f5es que o CIStema direciona apenas \u00e0 popula\u00e7\u00e3o T.<\/p>\n<p style=\"text-align: justify;\">Somente a mobiliza\u00e7\u00e3o da popula\u00e7\u00e3o LGBT organizada e a solidariedade de todas e todos que acreditam em um mundo mais justo e igualit\u00e1rio poder\u00e1 fazer com que n\u00e3o se leve mais 27 anos para mudar esta situa\u00e7\u00e3o.<\/p>\n<p style=\"text-align: justify;\"><em>Foto: Elza Fiuza\/ABr<\/em><\/p>\n","protected":false},"excerpt":{"rendered":"<p>Semana passada se comemorou em 17 de maio o Dia Internacional de Luta Contra a Homofobia. A data tem um [&hellip;]<\/p>\n","protected":false},"author":13,"featured_media":1703,"comment_status":"open","ping_status":"open","sticky":false,"template":"","format":"standard","meta":{"_acf_changed":false,"footnotes":""},"categories":[19],"tags":[],"class_list":["post-1701","post","type-post","status-publish","format-standard","has-post-thumbnail","hentry","category-samir-oliveira"],"acf":[],"_links":{"self":[{"href":"https:\/\/vos.homolog.arsnova.work\/index.php?rest_route=\/wp\/v2\/posts\/1701","targetHints":{"allow":["GET"]}}],"collection":[{"href":"https:\/\/vos.homolog.arsnova.work\/index.php?rest_route=\/wp\/v2\/posts"}],"about":[{"href":"https:\/\/vos.homolog.arsnova.work\/index.php?rest_route=\/wp\/v2\/types\/post"}],"author":[{"embeddable":true,"href":"https:\/\/vos.homolog.arsnova.work\/index.php?rest_route=\/wp\/v2\/users\/13"}],"replies":[{"embeddable":true,"href":"https:\/\/vos.homolog.arsnova.work\/index.php?rest_route=%2Fwp%2Fv2%2Fcomments&post=1701"}],"version-history":[{"count":0,"href":"https:\/\/vos.homolog.arsnova.work\/index.php?rest_route=\/wp\/v2\/posts\/1701\/revisions"}],"wp:featuredmedia":[{"embeddable":true,"href":"https:\/\/vos.homolog.arsnova.work\/index.php?rest_route=\/wp\/v2\/media\/1703"}],"wp:attachment":[{"href":"https:\/\/vos.homolog.arsnova.work\/index.php?rest_route=%2Fwp%2Fv2%2Fmedia&parent=1701"}],"wp:term":[{"taxonomy":"category","embeddable":true,"href":"https:\/\/vos.homolog.arsnova.work\/index.php?rest_route=%2Fwp%2Fv2%2Fcategories&post=1701"},{"taxonomy":"post_tag","embeddable":true,"href":"https:\/\/vos.homolog.arsnova.work\/index.php?rest_route=%2Fwp%2Fv2%2Ftags&post=1701"}],"curies":[{"name":"wp","href":"https:\/\/api.w.org\/{rel}","templated":true}]}}