{"id":1671,"date":"2017-05-19T17:52:58","date_gmt":"2017-05-19T20:52:58","guid":{"rendered":"https:\/\/vos.homolog.arsnova.work\/?p=1671"},"modified":"2017-05-19T17:59:45","modified_gmt":"2017-05-19T20:59:45","slug":"na-gravacao-de-temer-e-preciso-ouvir-tambem-o-que-nao-se-diz","status":"publish","type":"post","link":"https:\/\/vos.homolog.arsnova.work\/?p=1671","title":{"rendered":"NA GRAVA\u00c7\u00c3O DE TEMER, \u00c9 PRECISO OUVIR TAMB\u00c9M O QUE N\u00c3O SE DIZ"},"content":{"rendered":"<p style=\"text-align: justify;\">N\u00e3o resta d\u00favida que, quando as manchetes dizem que o Presidente da Rep\u00fablica concordou com o pagamento de mesada a um pol\u00edtico preso para que ele n\u00e3o fa\u00e7a dela\u00e7\u00e3o, temos todos e todas que prestar muita aten\u00e7\u00e3o. A como\u00e7\u00e3o em torno da afirma\u00e7\u00e3o foi t\u00e3o grande que a revela\u00e7\u00e3o dos \u00e1udios da fat\u00eddica conversa de Michel Temer com Joesley Batista, presidente da JBS, acabou parecendo menos grave do que de fato \u00e9, j\u00e1 que o &#8220;tem que manter isso a\u00ed, hein&#8221; n\u00e3o \u00e9 t\u00e3o expl\u00edcito e espetacular quanto as transcri\u00e7\u00f5es davam a entender.<\/p>\n<p style=\"text-align: justify;\">.<\/p>\n<blockquote>\n<p style=\"text-align: justify;\"><strong>Verdade que, mesmo assim, Temer \u00e9 um cad\u00e1ver pol\u00edtico e seu governo, seja l\u00e1 a sobrevida que eventualmente tenha, est\u00e1 em processo vis\u00edvel de decomposi\u00e7\u00e3o p\u00fablica &#8211; e n\u00e3o vai ressuscitar, a n\u00e3o ser que apare\u00e7a um Jesus Cristo do c\u00e9u dizendo &#8220;levanta-te e anda&#8221; para esse L\u00e1zaro coberto de vermes.<\/strong><\/p>\n<\/blockquote>\n<div style=\"text-align: justify;\">\n<div>.<\/div>\n<div>Mas eu queria destacar outro elemento nessa grava\u00e7\u00e3o &#8211; que, ao contr\u00e1rio da satisfa\u00e7\u00e3o do n\u00e3o-vice-presidente com Joesley estar &#8220;de bem&#8221; com Cunha, n\u00e3o fica preso a uma frase pretensamente definitiva, dissolvido que est\u00e1 em quase todos os momentos do di\u00e1logo. Joesley fala que est\u00e1 &#8220;segurando&#8221; ju\u00edzes, que conseguiu &#8220;um procurador dentro da for\u00e7a tarefa&#8221; que est\u00e1 passando informa\u00e7\u00f5es &#8211; e a essas afirma\u00e7\u00f5es chocantes Michel Temer reage com naturalidade, sem nenhuma surpresa, sem manifestar nem digo indigna\u00e7\u00e3o, mas um toque que fosse de incredulidade.<\/div>\n<div><\/div>\n<div>O que interessa a\u00ed \u00e9 mais o n\u00e3o dito do que o efetivamente pronunciado: n\u00e3o apenas o chefe do Executivo federal n\u00e3o demonstra rea\u00e7\u00e3o diante desses absurdos (ao contr\u00e1rio, parece no m\u00ednimo desinteressado a respeito) como tamb\u00e9m n\u00e3o se sabe de qualquer a\u00e7\u00e3o posterior, que tenha pedido esclarecimentos sobre a situa\u00e7\u00e3o, que tenha orientado algum ministro ou secret\u00e1rio para tomar alguma provid\u00eancia ou, no m\u00ednimo, buscar informa\u00e7\u00f5es.<\/div>\n<div><\/div>\n<div>.<\/div>\n<div>.<\/div>\n<h2><strong>Recebe um investigado, conversa furtivamente com ele na garagem do Jaburu, ouve que ele faz esfor\u00e7os herc\u00faleos para corromper a investiga\u00e7\u00e3o que o amea\u00e7a, n\u00e3o solta um gemido sequer de desagrado e volta para seu pal\u00e1cio, sem tomar qualquer provid\u00eancia. E querem me convencer que est\u00e1 tudo bem<\/strong><\/h2>\n<div><\/div>\n<div>.<\/div>\n<div>.<\/div>\n<div>Eles, os mesmos que hoje ocupam o Planalto ap\u00f3s condenarem os crimes do governo anterior &#8211; eles agora querem me convencer que Joesley falava e Temer ouvia, que n\u00e3o era um di\u00e1logo entre c\u00famplices que dividiam interesses, que essa fuma\u00e7a tomando conta da casa \u00e9 oxig\u00eanio colorido e n\u00e3o sinal de inc\u00eandio.<\/div>\n<div><\/div>\n<div>J\u00e1 \u00e9 poss\u00edvel localizar, em certos ve\u00edculos de imprensa, o esfor\u00e7o de apagar as chamas, adotando r\u00f3tulos como &#8220;inconclusivo&#8221; e outras contemporiza\u00e7\u00f5es. Um esfor\u00e7o condenado ao rid\u00edculo, com encher baldes no chuveiro do banheiro para combater o inc\u00eandio que devora a sala e a cozinha. J\u00e1 temos mais: a afirma\u00e7\u00e3o de que Temer pediu dinheiro para influenciar na posi\u00e7\u00e3o das redes antes do impeachment de Dilma Rousseff, para a campanha de Gabriel Chalita em S\u00e3o Paulo, em 2012 e at\u00e9 para &#8220;despesas de marketing&#8221; contra ataques na internet.<\/div>\n<div><\/div>\n<div>A dela\u00e7\u00e3o j\u00e1 est\u00e1 homologada e, ao contr\u00e1rio de outras tantas, vem acompanhada de evid\u00eancias obtidas de forma controlada pela Pol\u00edcia Federal &#8211; ou seja, n\u00e3o estamos apenas no terreno do dito contra o n\u00e3o dito, n\u00e3o est\u00e1 apenas no peso das palavras a doen\u00e7a que devora a carca\u00e7a do governo Temer. E que j\u00e1 devorou politicamente A\u00e9cio Neves, e que tem f\u00f4lego para deixar o sistema de Justi\u00e7a de orelhas em p\u00e9 &#8211; j\u00e1 que, como sabemos, apenas um dos homens no bolso de Joesley Batista est\u00e1 atr\u00e1s das grades no momento. A promessa \u00e9 de muito, muito barulho nos pr\u00f3ximos dias &#8211; e o estrondo n\u00e3o est\u00e1 apenas no que se ouve, mas talvez ainda mais no que n\u00e3o se diz ou se tenta n\u00e3o dizer.<\/div>\n<\/div>\n<div class=\"yj6qo ajU\" style=\"text-align: justify;\"><\/div>\n<div class=\"yj6qo ajU\" style=\"text-align: justify;\"><\/div>\n<h6 class=\"yj6qo ajU\" style=\"text-align: justify;\"><em>Foto: Beto Barata\/PR<\/em><\/h6>\n","protected":false},"excerpt":{"rendered":"<p>N\u00e3o resta d\u00favida que, quando as manchetes dizem que o Presidente da Rep\u00fablica concordou com o pagamento de mesada a [&hellip;]<\/p>\n","protected":false},"author":3,"featured_media":1672,"comment_status":"open","ping_status":"open","sticky":false,"template":"","format":"standard","meta":{"_acf_changed":false,"footnotes":""},"categories":[20],"tags":[508,510,511,512,366,121,169],"class_list":["post-1671","post","type-post","status-publish","format-standard","has-post-thumbnail","hentry","category-igor-natusch","tag-corrupcao","tag-delacao-premiada","tag-jbs","tag-joesley","tag-lava-jato","tag-michel-temer","tag-temer"],"acf":[],"_links":{"self":[{"href":"https:\/\/vos.homolog.arsnova.work\/index.php?rest_route=\/wp\/v2\/posts\/1671","targetHints":{"allow":["GET"]}}],"collection":[{"href":"https:\/\/vos.homolog.arsnova.work\/index.php?rest_route=\/wp\/v2\/posts"}],"about":[{"href":"https:\/\/vos.homolog.arsnova.work\/index.php?rest_route=\/wp\/v2\/types\/post"}],"author":[{"embeddable":true,"href":"https:\/\/vos.homolog.arsnova.work\/index.php?rest_route=\/wp\/v2\/users\/3"}],"replies":[{"embeddable":true,"href":"https:\/\/vos.homolog.arsnova.work\/index.php?rest_route=%2Fwp%2Fv2%2Fcomments&post=1671"}],"version-history":[{"count":0,"href":"https:\/\/vos.homolog.arsnova.work\/index.php?rest_route=\/wp\/v2\/posts\/1671\/revisions"}],"wp:featuredmedia":[{"embeddable":true,"href":"https:\/\/vos.homolog.arsnova.work\/index.php?rest_route=\/wp\/v2\/media\/1672"}],"wp:attachment":[{"href":"https:\/\/vos.homolog.arsnova.work\/index.php?rest_route=%2Fwp%2Fv2%2Fmedia&parent=1671"}],"wp:term":[{"taxonomy":"category","embeddable":true,"href":"https:\/\/vos.homolog.arsnova.work\/index.php?rest_route=%2Fwp%2Fv2%2Fcategories&post=1671"},{"taxonomy":"post_tag","embeddable":true,"href":"https:\/\/vos.homolog.arsnova.work\/index.php?rest_route=%2Fwp%2Fv2%2Ftags&post=1671"}],"curies":[{"name":"wp","href":"https:\/\/api.w.org\/{rel}","templated":true}]}}