{"id":1644,"date":"2017-05-17T11:42:22","date_gmt":"2017-05-17T14:42:22","guid":{"rendered":"https:\/\/vos.homolog.arsnova.work\/?p=1644"},"modified":"2017-10-02T10:09:06","modified_gmt":"2017-10-02T13:09:06","slug":"o-estranho-caso-do-politico-que-faz-de-conta-que-nao-e-politico","status":"publish","type":"post","link":"https:\/\/vos.homolog.arsnova.work\/?p=1644","title":{"rendered":"O estranho caso do pol\u00edtico que faz de conta que n\u00e3o \u00e9 pol\u00edtico"},"content":{"rendered":"<p style=\"text-align: justify;\">O prefeito de S\u00e3o Paulo, Jo\u00e3o D\u00f3ria, n\u00e3o \u00e9 um pol\u00edtico. E isso n\u00e3o \u00e9 uma acusa\u00e7\u00e3o feita a ele, ao contr\u00e1rio: \u00e9 um mantra que <a href=\"http:\/\/sao-paulo.estadao.com.br\/noticias\/geral,nao-tenho-medo-de-falar-em-privatizacao-porque-nao-sou-politico-diz-doria,70001776834\">o pr\u00f3prio chefe do Executivo paulistano repete sempre que poss\u00edvel<\/a>, em um esfor\u00e7o incans\u00e1vel de convencimento coletivo. Mesmo estando eleito para fazer pol\u00edtica pelo voto popular, mesmo precisando tomar decis\u00f5es pol\u00edticas, a partir de uma vis\u00e3o pol\u00edtica das necessidades da maior cidade brasileira, em um ambiente cheio de disputas cuja natureza \u00e9 incontornavelmente pol\u00edtica: ainda assim, D\u00f3ria usa a mais pl\u00e1cida das express\u00f5es faciais para dizer, e repetir, e frisar e acentuar que n\u00e3o, ele n\u00e3o \u00e9 pol\u00edtico. N\u00e3o apenas isso: a coisa \u00e9 dita com um ar de distanciamento muito claro, como se o prefeito n\u00e3o apenas nos informasse de que n\u00e3o v\u00ea a si mesmo como pol\u00edtico, mas como quem faz quest\u00e3o de n\u00e3o ser pol\u00edtico, como quem teme ser reconhecido como pol\u00edtico pelo seu eleitorado.<\/p>\n<p style=\"text-align: justify;\">.<\/p>\n<blockquote>\n<h2 style=\"text-align: center;\"><strong>N\u00e3o \u00e9 uma admiss\u00e3o, um &#8216;ok, tens raz\u00e3o, n\u00e3o sou pol\u00edtico&#8217;, mas bem mais um &#8216;n\u00e3o sou pol\u00edtico coisa nenhuma, deus me livre&#8217;<\/strong><\/h2>\n<\/blockquote>\n<p>.<\/p>\n<p style=\"text-align: justify;\">A despolitiza\u00e7\u00e3o da sociedade brasileira \u00e9 o barro de onde surge esse tipo de coisa. Ser pol\u00edtico, como sabemos, virou quase palavr\u00e3o. O arqu\u00e9tipo do pol\u00edtico, mais do que nunca em tempos de Lava-Jato e crise institucional generalizada, \u00e9 de uma pessoa falsa e corrupta, que diz qualquer coisa para se eleger, que n\u00e3o d\u00e1 a m\u00ednima para a popula\u00e7\u00e3o e na qual n\u00e3o se pode confiar. N\u00e3o \u00e9 uma miss\u00e3o para a qual se \u00e9 eleito, mas sim uma esp\u00e9cie de profiss\u00e3o ou, melhor dizendo, de compromisso entre desonestos, quase uma parceria mafiosa. E a\u00ed convenhamos, quem quer falar sobre sua atividade do mesmo modo que um bandido confessa seu crime?<\/p>\n<p>.<\/p>\n<blockquote>\n<h2 style=\"text-align: center;\"><strong>H\u00e1 tempos estamos elegendo governantes, na maioria das vezes, pelo que eles evocam de n\u00e3o-pol\u00edtico na sua imagem ou discurso<\/strong><\/h2>\n<\/blockquote>\n<p>.<\/p>\n<p style=\"text-align: justify;\">Vamos al\u00e9m de D\u00f3ria, ent\u00e3o: quem elegeu Jos\u00e9 Ivo Sartori governador do Rio Grande do Sul pensando em suas propostas? Todos sabemos que o que mais pesou foi sua imagem de &#8216;gringo&#8217; gente boa, manso e bonach\u00e3o, uma aparente chance de tranquilidade em um estado sempre incendiado pelo antagonismo pol\u00edtico. Por outro lado, n\u00e3o se poder\u00e1 dizer que Nelson Marchezan J\u00fanior \u00e9 algu\u00e9m sem ide\u00e1rio ou trajet\u00f3ria pol\u00edtica, mas at\u00e9 que ponto o dinamismo e juventude do atual prefeito de Porto Alegre (caracter\u00edsticas marteladas durante toda a campanha do ano passado) s\u00e3o valores pol\u00edticos?<\/p>\n<p>.<\/p>\n<blockquote>\n<h2 style=\"text-align: center;\"><strong>Nas redes sociais, nos bares e nas urnas, nossa discuss\u00e3o \u00e9 pouqu\u00edssimo pol\u00edtica: \u00e9 uma briga de simpatias contra antipatias, onde o bem e o mal se confrontam, onde o potencial pol\u00edtico de uma figura p\u00fablica \u00e9 medido a partir do seu n\u00e3o-envolvimento (pr\u00e9vio ou, em alguns casos, permanente) com a pol\u00edtica institucional ou militante<\/strong><\/h2>\n<\/blockquote>\n<p>.<\/p>\n<p style=\"text-align: justify;\">N\u00e3o \u00e9 \u00e0 toa que muitos veem o manifestante como vagabundo, o fazer pol\u00edtica como algo ineficiente, o debate pol\u00edtico como besteira. Estamos enojados com o que virou nossa engrenagem pol\u00edtica, de tal modo que tudo que esteja fora dela nos parece menos contaminado e, portanto, uma melhor op\u00e7\u00e3o.\u00a0\u00c9 nesse descr\u00e9dito que figuras como Jo\u00e3o D\u00f3ria, pela insist\u00eancia em distanciar-se da pol\u00edtica que ora exercem, acham v\u00e1rias ondas para surfar.<\/p>\n<p style=\"text-align: justify;\">Jo\u00e3o D\u00f3ria coloca a si mesmo como um empres\u00e1rio e, acima de tudo, um gestor. Embora a capacidade de gest\u00e3o seja obviamente fundamental para manter um munic\u00edpio &#8211; ou estado, ou pa\u00eds &#8211; nos eixos, n\u00e3o \u00e9 minimamente poss\u00edvel gerir uma m\u00e1quina pol\u00edtica sem fazer pol\u00edtica &#8211; e o que \u00e9 fazer pol\u00edtica sen\u00e3o assumir o papel de pol\u00edtico? O prefeito de S\u00e3o Paulo, inclusive, continua fazendo pol\u00edtica de forma incans\u00e1vel, com uma s\u00e9rie de a\u00e7\u00f5es claramente midi\u00e1ticas que causam a n\u00edtida impress\u00e3o de que ele ainda n\u00e3o desceu do palanque, que continua em campanha para uma nova elei\u00e7\u00e3o que ainda n\u00e3o se definiu qual seja, mas aponta mais para Bras\u00edlia do que para o Pal\u00e1cio dos Bandeirantes. Que n\u00e3o-pol\u00edtico \u00e9 esse que, mal eleito para a prefeitura, e mesmo <a href=\"http:\/\/sao-paulo.estadao.com.br\/noticias\/geral,doria-toma-posse-diz-que-nao-disputara-reeleicao-e-deixa-privatizacoes-para-2018,10000097594\">tendo garantido que cumpriria esse mandato at\u00e9 o fim e n\u00e3o tentaria reelei\u00e7\u00e3o<\/a>, admite com cada vez menos reservas <a href=\"http:\/\/www.poder360.com.br\/brasil\/doria-admite-possibilidade-de-ser-candidato-a-presidente-em-2018\/\">que topa concorrer ao que quer que apare\u00e7a<\/a> como oportunidade em 2018? Que n\u00e3o-pol\u00edtico \u00e9 esse que se <a href=\"http:\/\/exame.abril.com.br\/brasil\/doria-se-posiciona-como-simbolo-de-oposicao-a-greve-geral\/\">manifesta de forma dura, e claramente pol\u00edtica, sobre uma greve geral<\/a> que visa o governo federal, que n\u00e3o traz nenhuma oposi\u00e7\u00e3o direta a sua pr\u00f3pria administra\u00e7\u00e3o &#8211; ou seja, que se posiciona de forma pol\u00edtica sobre um relevante evento pol\u00edtico?<\/p>\n<p style=\"text-align: justify;\">Sugiro ao leitor e \u00e0 leitora que desconfiem de quem, em meio aos pol\u00edticos, insiste que n\u00e3o \u00e9 pol\u00edtico. Ou n\u00e3o \u00e9 capaz de ver a si mesmo como pol\u00edtico, mesmo sendo um deles, ou simplesmente tenta desviar os olhares para algum outro lugar. Ser ou n\u00e3o ser um pol\u00edtico n\u00e3o \u00e9 um predicado em si mesmo: \u00e9 uma tarefa, que se assume ou n\u00e3o, de forma confessa ou dissimulada. E eu n\u00e3o sei voc\u00eas, mas eu quero meus eleitos bem pol\u00edticos mesmo, porque ou a gente faz pol\u00edtica de peito aberto ou ela simplesmente n\u00e3o serve, bem dizer, para nada.<\/p>\n<p style=\"text-align: justify;\"><em>Foto: Valter Campanato \/ Ag\u00eancia Brasil<\/em><\/p>\n","protected":false},"excerpt":{"rendered":"<p>O prefeito de S\u00e3o Paulo, Jo\u00e3o D\u00f3ria, n\u00e3o \u00e9 um pol\u00edtico. E isso n\u00e3o \u00e9 uma acusa\u00e7\u00e3o feita a ele, [&hellip;]<\/p>\n","protected":false},"author":14,"featured_media":1645,"comment_status":"open","ping_status":"open","sticky":false,"template":"","format":"standard","meta":{"_acf_changed":false,"footnotes":""},"categories":[20],"tags":[464,502,228,503],"class_list":["post-1644","post","type-post","status-publish","format-standard","has-post-thumbnail","hentry","category-igor-natusch","tag-eleicoes-2018","tag-joao-doria","tag-politica","tag-sao-paulo"],"acf":[],"_links":{"self":[{"href":"https:\/\/vos.homolog.arsnova.work\/index.php?rest_route=\/wp\/v2\/posts\/1644","targetHints":{"allow":["GET"]}}],"collection":[{"href":"https:\/\/vos.homolog.arsnova.work\/index.php?rest_route=\/wp\/v2\/posts"}],"about":[{"href":"https:\/\/vos.homolog.arsnova.work\/index.php?rest_route=\/wp\/v2\/types\/post"}],"author":[{"embeddable":true,"href":"https:\/\/vos.homolog.arsnova.work\/index.php?rest_route=\/wp\/v2\/users\/14"}],"replies":[{"embeddable":true,"href":"https:\/\/vos.homolog.arsnova.work\/index.php?rest_route=%2Fwp%2Fv2%2Fcomments&post=1644"}],"version-history":[{"count":0,"href":"https:\/\/vos.homolog.arsnova.work\/index.php?rest_route=\/wp\/v2\/posts\/1644\/revisions"}],"wp:featuredmedia":[{"embeddable":true,"href":"https:\/\/vos.homolog.arsnova.work\/index.php?rest_route=\/wp\/v2\/media\/1645"}],"wp:attachment":[{"href":"https:\/\/vos.homolog.arsnova.work\/index.php?rest_route=%2Fwp%2Fv2%2Fmedia&parent=1644"}],"wp:term":[{"taxonomy":"category","embeddable":true,"href":"https:\/\/vos.homolog.arsnova.work\/index.php?rest_route=%2Fwp%2Fv2%2Fcategories&post=1644"},{"taxonomy":"post_tag","embeddable":true,"href":"https:\/\/vos.homolog.arsnova.work\/index.php?rest_route=%2Fwp%2Fv2%2Ftags&post=1644"}],"curies":[{"name":"wp","href":"https:\/\/api.w.org\/{rel}","templated":true}]}}