{"id":1640,"date":"2017-05-16T11:12:59","date_gmt":"2017-05-16T14:12:59","guid":{"rendered":"https:\/\/vos.homolog.arsnova.work\/?p=1640"},"modified":"2017-05-16T11:12:59","modified_gmt":"2017-05-16T14:12:59","slug":"uma-longa-vida-dedicada-literatura","status":"publish","type":"post","link":"https:\/\/vos.homolog.arsnova.work\/?p=1640","title":{"rendered":"Uma Longa Vida Dedicada \u00e0 Literatura"},"content":{"rendered":"<p style=\"text-align: justify\"><span style=\"font-weight: 400\">Morreu, recentemente, aos 98 anos, Antonio Candido, um dos mais reconhecidos estudiosos da Literatura Brasileira. Ao ver no Facebook a publica\u00e7\u00e3o de um conhecido da \u00e1rea de Letras comentando o fato, imaginei que o fato\u00a0n\u00e3o teria grande repercuss\u00e3o na grande m\u00eddia. Felizmente, me enganei e houve justas homenagens a esse cr\u00edtico liter\u00e1rio e professor universit\u00e1rio da USP. Destaco especialmente os artigos do <a href=\"http:\/\/cultura.estadao.com.br\/noticias\/literatura,morre-antonio-candido-aos-98-anos,70001776504\">Estado de S\u00e3o Paulo,<\/a> em que h\u00e1 uma boa an\u00e1lise da sua trajet\u00f3ria, e da <a href=\"http:\/\/www1.folha.uol.com.br\/ilustrada\/2017\/05\/1883381-antonio-candido-foi-o-ultimo-dos-grandes-interpretes-do-brasil.shtm\">Folha de S\u00e3o Paulo<\/a>, no qual ele \u00e9 comparado a grandes te\u00f3ricos como Gilberto Freyre (<\/span><i><span style=\"font-weight: 400\">Casa Grande &amp; Senzala<\/span><\/i><span style=\"font-weight: 400\">) e S\u00e9rgio Buarque de Hollanda (<\/span><i><span style=\"font-weight: 400\">Ra\u00edzes do Brasil<\/span><\/i><span style=\"font-weight: 400\">).<\/span><\/p>\n<p style=\"text-align: justify\"><span style=\"font-weight: 400\">A compara\u00e7\u00e3o \u00e9 feita principalmente devido ao trabalho mais grandioso desse carioca radicado\u00a0em S\u00e3o Paulo:<\/span><i><span style=\"font-weight: 400\"> Forma\u00e7\u00e3o da Literatura Brasileira<\/span><\/i><span style=\"font-weight: 400\">: <\/span><i><span style=\"font-weight: 400\">Momentos Decisivos<\/span><\/i><span style=\"font-weight: 400\">. Lan\u00e7ado na d\u00e9cada de 1950, a obra ainda est\u00e1 dispon\u00edvel para venda e \u00e9 uma refer\u00eancia no meio acad\u00eamico. Candido optou por estudar o Arcadismo e o Romantismo, considerados por ele decisivos para a forma\u00e7\u00e3o do que ele chama de sistema liter\u00e1rio, de forma a estabelecer uma tradi\u00e7\u00e3o.<\/span><\/p>\n<p style=\"text-align: justify\"><span style=\"font-weight: 400\">O interessante \u00e9 que a cria\u00e7\u00e3o desse sistema liter\u00e1rio n\u00e3o era considerado por Antonio Candido o essencial de sua obra, mas foi o mais chamou a aten\u00e7\u00e3o da cr\u00edtica. Rebatendo seus cr\u00edticos da \u00e9poca, ele escreveu o seguinte coment\u00e1rio no pref\u00e1cio da segunda edi\u00e7\u00e3o da obra (ainda na d\u00e9cada de 1950):<\/span><\/p>\n<blockquote><p><span style=\"font-weight: 400\">\u201cEste livro foi recebido normalmente com louvores e censuras. Mas tanto num quanto noutro caso, o que parece haver interessado realmente aos cr\u00edticos e noticiaristas foi a \u201cIntrodu\u00e7\u00e3o\u201d, pois quase apenas ela foi comentada, favor\u00e1vel ou desfavoravelmente. Esse interesse pelo m\u00e9todo talvez seja um sistema de estarmos, no Brasil, preferindo falar sobre a maneira de fazer cr\u00edtica, ou tra\u00e7ar panoramas esquem\u00e1ticos, a fazer efetivamente cr\u00edtica, revolvendo a intimidade das obras e as circunst\u00e2ncias que a rodeiam.\u201d<\/span><\/p><\/blockquote>\n<p><span style=\"font-weight: 400\">Ele tamb\u00e9m enfrentou artigos contr\u00e1rios na imprensa da \u00e9poca pelo fato de n\u00e3o ter inclu\u00eddo em seu o livro um estudo sobre o Barroco. Sobre essa fato, Candido argumentou nunca ter negado a exist\u00eancia da literatura barroca e que a censura \u00e0 sua decis\u00e3o de utilizar o s\u00e9culo 18 como o momento em que o sistema liter\u00e1rio se configura se deve \u201ca uma vontade por parte da cr\u00edtica de compreender que a literatura pode ser estudada de v\u00e1rias formas\u201d.<\/span><\/p>\n<p><span style=\"font-weight: 400\">E a gente aqui achando que os <\/span><i><span style=\"font-weight: 400\">haters <\/span><\/i><span style=\"font-weight: 400\">s\u00e3o uma novidade da p\u00f3s-modernidade&#8230;<\/span><\/p>\n<p><span style=\"font-weight: 400\">Ainda sobre Antonio Candido, outro fato que sempre me chamou a aten\u00e7\u00e3o sobre ele foi sua amizade com Oswald de Andrade, o modernista mais transgressor da Semana de 1922. Curiosamente, foi devido a uma cr\u00edtica liter\u00e1ria negativa que a amizade entre os dois come\u00e7ou. <\/span><\/p>\n<blockquote><p>&#8220;Ele zangou e escreveu um artigo muito violento sobre mim. Mas depois nos encontramos em uma livraria e ele disse: &#8216;ataquei voc\u00ea com viol\u00eancia e voc\u00ea respondeu com serenidade. Proponho que nos tornemos amigos&#8217;.&#8221;<\/p><\/blockquote>\n<p style=\"text-align: justify\">A revela\u00e7\u00e3o de Antonio Candido ocorreu durante <a href=\"http:\/\/g1.globo.com\/flip\/2011\/noticia\/2011\/07\/antonio-candido-faz-testemunho-de-afeto-sobre-oswald-de-andrade-1.html\">evento<\/a>\u00a0<span style=\"font-weight: 400\">promovido pela <\/span><span style=\"font-weight: 400\">Flip (<\/span>Festa Liter\u00e1ria Internacional de Paraty), em 2011<b>.<\/b><\/p>\n<p style=\"text-align: justify\">Quem dera que as cr\u00edticas (sejam elas liter\u00e1rias, ou n\u00e3o) sempre acabassem assim: em harmonia e com a descoberta de uma verdadeira amizade.<\/p>\n<p style=\"text-align: justify\">\n","protected":false},"excerpt":{"rendered":"<p>Morreu, recentemente, aos 98 anos, Antonio Candido, um dos mais reconhecidos estudiosos da Literatura Brasileira. Ao ver no Facebook a [&hellip;]<\/p>\n","protected":false},"author":5,"featured_media":1641,"comment_status":"open","ping_status":"open","sticky":false,"template":"","format":"standard","meta":{"_acf_changed":false,"footnotes":""},"categories":[4],"tags":[495,498,499,501,497,496,500],"class_list":["post-1640","post","type-post","status-publish","format-standard","has-post-thumbnail","hentry","category-voos-literarios","tag-antonio-candido","tag-arcadismo","tag-barroco","tag-flip","tag-modernismo","tag-oswald-de-andrade","tag-romantismo"],"acf":[],"_links":{"self":[{"href":"https:\/\/vos.homolog.arsnova.work\/index.php?rest_route=\/wp\/v2\/posts\/1640","targetHints":{"allow":["GET"]}}],"collection":[{"href":"https:\/\/vos.homolog.arsnova.work\/index.php?rest_route=\/wp\/v2\/posts"}],"about":[{"href":"https:\/\/vos.homolog.arsnova.work\/index.php?rest_route=\/wp\/v2\/types\/post"}],"author":[{"embeddable":true,"href":"https:\/\/vos.homolog.arsnova.work\/index.php?rest_route=\/wp\/v2\/users\/5"}],"replies":[{"embeddable":true,"href":"https:\/\/vos.homolog.arsnova.work\/index.php?rest_route=%2Fwp%2Fv2%2Fcomments&post=1640"}],"version-history":[{"count":0,"href":"https:\/\/vos.homolog.arsnova.work\/index.php?rest_route=\/wp\/v2\/posts\/1640\/revisions"}],"wp:featuredmedia":[{"embeddable":true,"href":"https:\/\/vos.homolog.arsnova.work\/index.php?rest_route=\/wp\/v2\/media\/1641"}],"wp:attachment":[{"href":"https:\/\/vos.homolog.arsnova.work\/index.php?rest_route=%2Fwp%2Fv2%2Fmedia&parent=1640"}],"wp:term":[{"taxonomy":"category","embeddable":true,"href":"https:\/\/vos.homolog.arsnova.work\/index.php?rest_route=%2Fwp%2Fv2%2Fcategories&post=1640"},{"taxonomy":"post_tag","embeddable":true,"href":"https:\/\/vos.homolog.arsnova.work\/index.php?rest_route=%2Fwp%2Fv2%2Ftags&post=1640"}],"curies":[{"name":"wp","href":"https:\/\/api.w.org\/{rel}","templated":true}]}}