{"id":1632,"date":"2017-05-15T14:56:13","date_gmt":"2017-05-15T17:56:13","guid":{"rendered":"https:\/\/vos.homolog.arsnova.work\/?p=1632"},"modified":"2017-05-15T14:56:13","modified_gmt":"2017-05-15T17:56:13","slug":"obsolescencia-programada-das-pessoas","status":"publish","type":"post","link":"https:\/\/vos.homolog.arsnova.work\/?p=1632","title":{"rendered":"A Obsolesc\u00eancia Programada das Pessoas"},"content":{"rendered":"<p style=\"text-align: justify\">Eu tenho um iPhone. Ainda n\u00e3o deu tempo de riscar a carca\u00e7a ou rachar a tela. Mas j\u00e1 deu tempo dele ficar defasado. Com rumores de prot\u00f3tipo do modelo iPhone 8 pulando na timeline, ele est\u00e1 prestes a ficar 3 modelos pra tr\u00e1s. Logo n\u00e3o vai ter mais assist\u00eancia ou atualiza\u00e7\u00f5es dispon\u00edveis. Obsolesc\u00eancia programada; assustador como o prazo de vida \u00fatil de um dispositivo ou bem de consumo \u00e9 cada vez mais curto. Mas, muito mais assustador \u00e9 ver que esse conceito se alastrou dos produtos para a sociedade, agravado pela crise dos setores convencionais da economia e a supervaloriza\u00e7\u00e3o das startups \u2013 tecnol\u00f3gicas, modernas e&#8230; jovens.<\/p>\n<p style=\"text-align: justify\">Com isso, surge uma nova fase de vida: passamos pela adolesc\u00eancia, temos um intervalo de alguns anos de vida adulta produtiva e logo chegamos \u00e0 obsolesc\u00eancia; um hiato imposto a ser encarado antes da velhice. Ao passo em que a expectativa de vida aumentou, temos um governo que demanda nossa contribui\u00e7\u00e3o at\u00e9 uma idade igualmente mais avan\u00e7ada, por\u00e9m, do outro lado, temos uma expectativa de utilidade no mercado de trabalho com um limite et\u00e1rio cada vez menor.<\/p>\n<p style=\"text-align: justify\">Obviamente, por conta da rela\u00e7\u00e3o de for\u00e7as entre governo, mercado e voc\u00ea, j\u00e1 sabemos quem vai sair frustrado com essa nova realidade. \u00c9 uma fal\u00e1cia essa cren\u00e7a de que \u00fatil \u00e9 sin\u00f4nimo de novo. Na verdade \u00e9 na coexist\u00eancia de gera\u00e7\u00f5es dentro de um espa\u00e7o que habita a disrup\u00e7\u00e3o.<\/p>\n<p style=\"text-align: justify\">O vinil e o streaming, a aquarela e o vetorial, 35mm e 4k. Existe um papel fundamental de refer\u00eancia e consist\u00eancia que n\u00e3o deve ficar de fora dos processos; inclusive, e principalmente, do processo de inova\u00e7\u00e3o. \u00c9 preciso uma carga de conhecimento do que se fez e de como se fez ao longo dos anos, e o que se errou no caminho, para saber fazer um diferente melhor. Existe uma gera\u00e7\u00e3o que eu considero privilegiada, e da qual fa\u00e7o\u00a0parte &#8211; \u00a0mesmo que ainda antes dos 40 anos &#8211; que viveu boa parte dos processos de inova\u00e7\u00e3o das \u00faltimas d\u00e9cadas, e que consegue ter a compreens\u00e3o da import\u00e2ncia de todas as etapas e, principalmente, de sua complementaridade.<\/p>\n<p style=\"text-align: justify\">Existe toda uma constru\u00e7\u00e3o de racioc\u00ednio diferente na cria\u00e7\u00e3o de um texto datilografado, ou na edi\u00e7\u00e3o linear de uma ilha VHS. Isso n\u00e3o \u00e9 saudosismo; e, sim, facilita a vida digitar e apagar e rediagramar, ou trocar o plano do meio quantas vezes quiser. Mas \u00e9 importante ter o conhecimento e a experi\u00eancia de ter passado por esses diferentes tipos de racioc\u00ednio de constru\u00e7\u00e3o para saber o que \u00e9 evolu\u00e7\u00e3o e o que \u00e9 involu\u00e7\u00e3o.<\/p>\n<p style=\"text-align: justify\">Bastam alguns ciclos temporais dentro de empresas com essa filosofia de juventude produtiva para que esse conhecimento acumulado rume \u00e0 extin\u00e7\u00e3o, trazendo \u00e0 tona erros recorrentes e outrora ultrapassados. Ou seja, umas poucas gera\u00e7\u00f5es pensando em quais as dificuldades de determinado nicho no momento apenas, e as dificuldades hist\u00f3ricas desse mesmo nicho v\u00e3o ressurgir. O resultado vai ser a prolifera\u00e7\u00e3o da mudan\u00e7a pela mudan\u00e7a, e a inova\u00e7\u00e3o vai se tornar um cachorro correndo atr\u00e1s do pr\u00f3prio rabo.<\/p>\n","protected":false},"excerpt":{"rendered":"<p>Eu tenho um iPhone. Ainda n\u00e3o deu tempo de riscar a carca\u00e7a ou rachar a tela. Mas j\u00e1 deu tempo [&hellip;]<\/p>\n","protected":false},"author":12,"featured_media":1633,"comment_status":"open","ping_status":"open","sticky":false,"template":"","format":"standard","meta":{"_acf_changed":false,"footnotes":""},"categories":[18],"tags":[494,354,492,493],"class_list":["post-1632","post","type-post","status-publish","format-standard","has-post-thumbnail","hentry","category-catraqueanas","tag-inovacao","tag-startup","tag-tecnologia","tag-trabalho"],"acf":[],"_links":{"self":[{"href":"https:\/\/vos.homolog.arsnova.work\/index.php?rest_route=\/wp\/v2\/posts\/1632","targetHints":{"allow":["GET"]}}],"collection":[{"href":"https:\/\/vos.homolog.arsnova.work\/index.php?rest_route=\/wp\/v2\/posts"}],"about":[{"href":"https:\/\/vos.homolog.arsnova.work\/index.php?rest_route=\/wp\/v2\/types\/post"}],"author":[{"embeddable":true,"href":"https:\/\/vos.homolog.arsnova.work\/index.php?rest_route=\/wp\/v2\/users\/12"}],"replies":[{"embeddable":true,"href":"https:\/\/vos.homolog.arsnova.work\/index.php?rest_route=%2Fwp%2Fv2%2Fcomments&post=1632"}],"version-history":[{"count":0,"href":"https:\/\/vos.homolog.arsnova.work\/index.php?rest_route=\/wp\/v2\/posts\/1632\/revisions"}],"wp:featuredmedia":[{"embeddable":true,"href":"https:\/\/vos.homolog.arsnova.work\/index.php?rest_route=\/wp\/v2\/media\/1633"}],"wp:attachment":[{"href":"https:\/\/vos.homolog.arsnova.work\/index.php?rest_route=%2Fwp%2Fv2%2Fmedia&parent=1632"}],"wp:term":[{"taxonomy":"category","embeddable":true,"href":"https:\/\/vos.homolog.arsnova.work\/index.php?rest_route=%2Fwp%2Fv2%2Fcategories&post=1632"},{"taxonomy":"post_tag","embeddable":true,"href":"https:\/\/vos.homolog.arsnova.work\/index.php?rest_route=%2Fwp%2Fv2%2Ftags&post=1632"}],"curies":[{"name":"wp","href":"https:\/\/api.w.org\/{rel}","templated":true}]}}