{"id":1605,"date":"2017-05-13T03:52:38","date_gmt":"2017-05-13T06:52:38","guid":{"rendered":"https:\/\/vos.homolog.arsnova.work\/?p=1605"},"modified":"2017-10-06T11:39:00","modified_gmt":"2017-10-06T14:39:00","slug":"lisboa-cidade-favorita-da-minha-mae","status":"publish","type":"post","link":"https:\/\/vos.homolog.arsnova.work\/?p=1605","title":{"rendered":"Lisboa \u2013 A cidade favorita da minha m\u00e3e"},"content":{"rendered":"<p style=\"text-align: justify;\">Eu vivi em Lisboa por um ano e, de fato, poderia escrever por horas sobre os lugares que conheci em Portugal, sobre o que comi e, claro, sobre os deliciosos obst\u00e1culos que encontrei pelo caminho. Mas neste final de semana, s\u00f3 importa o que ela tem a dizer sobre Lisboa. Ela quem? Dona Gertrudes, a Tude, tamb\u00e9m conhecida como minha querida e adorada m\u00e3e.<\/p>\n<figure id=\"attachment_1611\" aria-describedby=\"caption-attachment-1611\" style=\"width: 902px\" class=\"wp-caption alignnone\"><a href=\"https:\/\/vos.homolog.arsnova.work\/wp-content\/uploads\/2017\/05\/IMG_0537.jpg\"><img loading=\"lazy\" decoding=\"async\" class=\" wp-image-1611\" src=\"https:\/\/vos.homolog.arsnova.work\/wp-content\/uploads\/2017\/05\/IMG_0537.jpg\" alt=\"\" width=\"902\" height=\"902\" srcset=\"https:\/\/vos.homolog.arsnova.work\/wp-content\/uploads\/2017\/05\/IMG_0537.jpg 724w, https:\/\/vos.homolog.arsnova.work\/wp-content\/uploads\/2017\/05\/IMG_0537-150x150.jpg 150w\" sizes=\"auto, (max-width: 902px) 100vw, 902px\" \/><\/a><figcaption id=\"caption-attachment-1611\" class=\"wp-caption-text\">Mam\u00e3e e eu damos um pulinho em F\u00e1tima. A gente n\u00e3o gostou nem um pouquinho, mas n\u00e3o conta pra ningu\u00e9m =P<\/figcaption><\/figure>\n<h3 style=\"text-align: justify;\">\u00a0.<\/h3>\n<blockquote>\n<h2 style=\"text-align: center;\"><strong>Lisboa \u00e9 a cidade favorita da minha m\u00e3e apesar de, como n\u00e3o poderia deixar de ser com membros da fam\u00edlia, muita coisa ter dado errado. Muita coisa<\/strong><\/h2>\n<\/blockquote>\n<p>.<\/p>\n<p style=\"text-align: justify;\">A Tude visitou Lisboa tr\u00eas vezes. Na primeira vez, tudo correu de maneira tranquila (os problemas aconteceram em Madri, Barcelona e Sevilha, que visitamos na sequ\u00eancia). Na segunda eu j\u00e1 morava por l\u00e1 e, ah, ela n\u00e3o imaginava o que estava a sua espera.\u00a0Dois dias antes de voltar pra casa, meu pai teve febre e come\u00e7ou a tossir de maneira bastante assustadora, algo como um pastor alem\u00e3o tentando falar.\u00a0Insistimos pra que ele procurasse ajuda e uma m\u00e9dica foi at\u00e9 minha casa. Foi a vez de ela insistir pra que ele fosse ao hospital. Chegou l\u00e1 e foi internado depois de dar respostas completamente sem nexo \u00e0 m\u00e9dica que o atendia naquele momento. Ele estava com nada mais, nada menos, que Gripe A. Que evoluiu para pneumonia.<\/p>\n<p style=\"text-align: justify;\">.<\/p>\n<blockquote>\n<h2 style=\"text-align: center;\"><strong>Os dois ficaram duas semanas presos dentro do Hospital da Cruz Vermelha com meu pai delirando por falta de oxig\u00eanio e abstin\u00eancia do cigarro<\/strong><\/h2>\n<p style=\"text-align: center;\">\n<\/blockquote>\n<p style=\"text-align: justify;\">.<\/p>\n<p style=\"text-align: justify;\">Ele s\u00f3 foi liberado depois que eu garanti que ele teria oxig\u00eanio em casa e no transporte de volta pra casa. Sim, oxig\u00eanio no avi\u00e3o. E foi operado assim que chegou ao Brasil. Foi bizarro.\u00a0A m\u00e3e pirou (com raz\u00e3o), mas isso n\u00e3o afetou o amor por Lisboa. Deixou ela morrendo de medo de voltar, \u00e9 verdade, mas ela continuou amando a cidade<\/p>\n<p style=\"text-align: justify;\">Depois de muita insist\u00eancia, ela resolveu voltar. Quase um ano depois do fat\u00eddico epis\u00f3dio. Lisboa a esperava de bra\u00e7os abertos, como diz a musiquinha da TAP, mas n\u00e3o era s\u00f3 isso. Portugal a esperava tamb\u00e9m com mais um punhado de surpresas que renderiam, aproximadamente, uns 15 posts. Mas eu vou encurtar o lance e listar os epis\u00f3dios:<\/p>\n<p style=\"text-align: justify;\"><strong>1. Saindo do El Corte Ingl\u00e9s, uma loja de departamentos, o alarme disparou.<\/strong> Dois seguran\u00e7as correm na dire\u00e7\u00e3o dela pra revistar as sacolas enquanto a gringa fica vermelha. Eu, do lado de fora fumando um cigarro, s\u00f3 ri. Ela, do lado de dentro, queria matar todo mundo. Foi uma como\u00e7\u00e3o, de fato. Todo mundo olhando, aquele preconceito com as brasileiras que devem ter roubado uma mercadoria e tal. Dever\u00edamos ter processado.<\/p>\n<p><strong>2. Numa bela noite, ela e minha madrinha saem pra ir ao supermercado<\/strong>. Minha prima e eu ficamos em casa. N\u00f3s sab\u00edamos que havia lojas pelo caminho e que n\u00e3o seria uma tarefa de 15 minutos. Mesmo assim, elas estavam demorando demais, eu j\u00e1 estava preocupada. Umas duas horas depois elas aparecem encharcadas e morrendo (s\u00e9rio) de tanto rir, elas mal conseguiam respirar. Acontece que no caminho de casa, que ficava a duas quadras do lugar, elas conseguiram se perder. S\u00f3 que era noite e um temporal desabava sobre a cidade. Elas come\u00e7aram a dar voltar no centro comercial e, finalmente, foram para o lado errado. Nesse meio tempo, o chap\u00e9u da minha m\u00e3e sai voando pela rua alagada e a doida come\u00e7a a correr atr\u00e1s. Duas horas depois&#8230;.<\/p>\n<p><strong>3. Num passeio ao Cabo da Roca, onde h\u00e1 penhascos deliciosos, ela se desequilibrou com o vento e levou um tomb\u00e3o.<\/strong> Longe dos penhascos.<\/p>\n<p><strong>4. Entediada em uma loja, resolveu esperar pela irm\u00e3 do lado de fora.<\/strong> Pra passar o tempo, resolveu brincar de est\u00e1tua viva com a sobrinha. Com direito a passar o chap\u00e9u e tudo. Eu amo minha m\u00e3e.<\/p>\n<p style=\"text-align: justify;\">Eu passaria o dia escrevendo sobre a as aventura da Tude, mas voc\u00eas j\u00e1 entenderam, n\u00e9? Ent\u00e3o d\u00e1 uma olhada no que ver e o que fazer em Lisboa. Claro, os lugares favoritos da m\u00e3e. N\u00e3o \u00e9 um guia definitivo, mas \u00e9 o roteiro perfeito pra ela.<\/p>\n<p style=\"text-align: justify;\">.<\/p>\n<h2 style=\"text-align: justify;\"><strong>Lugares pra ver<\/strong><\/h2>\n<p style=\"text-align: justify;\">A m\u00e3e adora passear por Lisboa, bater perna, mesmo. Felizmente, \u00e9 uma cidade perfeita pra isso, mesmo com as lombas.<\/p>\n<p style=\"text-align: justify;\">.<\/p>\n<p style=\"text-align: justify;\"><strong>Chiado<\/strong><\/p>\n<p style=\"text-align: justify;\">\u00c9 um dos bairros mais charmosos da cidade. Perfeito para caminhadas, tamb\u00e9m abriga algumas das lojas e caf\u00e9s mais interessantes de Lisboa, como o Caf\u00e9 \u00e0 Brasileira, famoso pela est\u00e1tua de Fernando Pessoa. Mas tamb\u00e9m \u00e9 onde se pode observar alguns dos pontos tur\u00edsticos mais importantes de Lisboa, como o Museu do Carmo e o Elevador de Santa Justa. Se caminhar um pouquinho al\u00e9m do convento, h\u00e1 um mirante espetacular. E se quiser subir umas lombas, aproveita pra explorar o Bairro Alto.<\/p>\n<p style=\"text-align: justify;\"><a href=\"https:\/\/vos.homolog.arsnova.work\/wp-content\/uploads\/2017\/05\/IMG_2373.jpg\"><img loading=\"lazy\" decoding=\"async\" class=\"alignnone size-full wp-image-1612\" src=\"https:\/\/vos.homolog.arsnova.work\/wp-content\/uploads\/2017\/05\/IMG_2373.jpg\" alt=\"\" width=\"2292\" height=\"2292\" srcset=\"https:\/\/vos.homolog.arsnova.work\/wp-content\/uploads\/2017\/05\/IMG_2373.jpg 2048w, https:\/\/vos.homolog.arsnova.work\/wp-content\/uploads\/2017\/05\/IMG_2373-150x150.jpg 150w\" sizes=\"auto, (max-width: 2292px) 100vw, 2292px\" \/><\/a><\/p>\n<p style=\"text-align: justify;\"><strong>Rossio\/Baixa<\/strong><\/p>\n<p style=\"text-align: justify;\">Perfeito para bater perna e descobrir as lojinhas e lojonas das ruas do entorno do centro da cidade. Vale caminhar at\u00e9 a Pra\u00e7a do Com\u00e9rcio, que fica \u00e0 beira do Tejo.<\/p>\n<p style=\"text-align: justify;\"><a href=\"https:\/\/vos.homolog.arsnova.work\/wp-content\/uploads\/2017\/05\/love-session-GK018.jpg\"><img loading=\"lazy\" decoding=\"async\" class=\"alignnone size-full wp-image-1609\" src=\"https:\/\/vos.homolog.arsnova.work\/wp-content\/uploads\/2017\/05\/love-session-GK018.jpg\" alt=\"\" width=\"4000\" height=\"2667\" \/><\/a><\/p>\n<p style=\"text-align: justify;\"><strong>Bel\u00e9m<\/strong><\/p>\n<p style=\"text-align: justify;\">\u00c9 uma regi\u00e3o mais afastada do centro da cidade, mas \u00e9 uma das bonitas de Lisboa. Tem jardins lindos al\u00e9m de uma feira de antiguidades incr\u00edvel aos domingos. Sem falar da possibilidade de caminhadas deliciosas \u00e0 beira do Tejo. Alguns dos pontos tur\u00edsticos mais legais est\u00e3o por l\u00e1, como a Torre de Bel\u00e9m, o Padr\u00e3o dos Descobrimentos e o Mosteiro dos Jer\u00f4nimos. Ah, e \u00e9 onde se come o famoso Pastel de Bel\u00e9m.<\/p>\n<p style=\"text-align: justify;\"><a href=\"https:\/\/vos.homolog.arsnova.work\/wp-content\/uploads\/2017\/05\/IMG_5812.jpg\"><img loading=\"lazy\" decoding=\"async\" class=\"alignnone size-full wp-image-1608\" src=\"https:\/\/vos.homolog.arsnova.work\/wp-content\/uploads\/2017\/05\/IMG_5812.jpg\" alt=\"\" width=\"2448\" height=\"2448\" srcset=\"https:\/\/vos.homolog.arsnova.work\/wp-content\/uploads\/2017\/05\/IMG_5812.jpg 2048w, https:\/\/vos.homolog.arsnova.work\/wp-content\/uploads\/2017\/05\/IMG_5812-150x150.jpg 150w\" sizes=\"auto, (max-width: 2448px) 100vw, 2448px\" \/><\/a><\/p>\n<h3 style=\"text-align: justify;\"><\/h3>\n<h2 style=\"text-align: justify;\"><strong>Onde comer<\/strong><\/h2>\n<p style=\"text-align: justify;\">A m\u00e3e \u00e9 malinha pra comida, mas em Lisboa n\u00e3o encontrou qualquer problema. \u00c9 tudo uma del\u00edcia.<\/p>\n<p style=\"text-align: justify;\"><a href=\"https:\/\/www.facebook.com\/pages\/Restaurante-Os-Jeronimos-Lisboa\/422161581130365\"><strong>Os Jer\u00f4nimos<\/strong><\/a><\/p>\n<p style=\"text-align: justify;\">Do ladinho dos famosos past\u00e9is de Bel\u00e9m tem um restaurante min\u00fasculo e nada glamouroso, mas que serve um peixe dos deuses e por um pre\u00e7o bastante honesto. E o gerente (ou dono, n\u00e3o sei) \u00e9 uma figura. Fala mil idiomas e vai fazer de tudo pra que todos se sintam \u00e0 vontade. Sugest\u00e3o da Tude: prove os carapaus, dois peixes grelhados na brasa com azeite e alho e umas batatas ao murro. Hm!<\/p>\n<p style=\"text-align: justify;\"><a href=\"http:\/\/www.royalecafe.com\/english.html\"><strong>Caf\u00e9 Royale<\/strong><\/a><\/p>\n<p style=\"text-align: justify;\">\u00c9 um caf\u00e9 e restaurante que serve uma comida maravilhosa ao estilo bistr\u00f4 e por um pre\u00e7o convidativo. Sem falar do terra\u00e7o nos fundos da propriedade. Escolha perfeita pra o ver\u00e3o.<\/p>\n<p style=\"text-align: justify;\"><strong><a href=\"http:\/\/www.solardospresuntos.com\">Solar dos Presuntos<\/a><\/strong><\/p>\n<p style=\"text-align: justify;\">Uma \u00f3tima escolha pra quem tiver grana pra gastar. As paredes forradas com fotos de celebridades d\u00e3o o atestado. A comida \u00e9 gostosa de verdade, mas \u00e9 caro.<\/p>\n<p style=\"text-align: justify;\"><a href=\"https:\/\/vos.homolog.arsnova.work\/wp-content\/uploads\/2017\/05\/IMG_0378.jpg\"><img loading=\"lazy\" decoding=\"async\" class=\"alignnone size-full wp-image-1606\" src=\"https:\/\/vos.homolog.arsnova.work\/wp-content\/uploads\/2017\/05\/IMG_0378.jpg\" alt=\"\" width=\"2448\" height=\"2448\" srcset=\"https:\/\/vos.homolog.arsnova.work\/wp-content\/uploads\/2017\/05\/IMG_0378.jpg 2048w, https:\/\/vos.homolog.arsnova.work\/wp-content\/uploads\/2017\/05\/IMG_0378-150x150.jpg 150w\" sizes=\"auto, (max-width: 2448px) 100vw, 2448px\" \/><\/a><\/p>\n<h3 style=\"text-align: justify;\"><\/h3>\n<h2 style=\"text-align: justify;\"><strong>Como se movimentar<\/strong><\/h2>\n<p style=\"text-align: justify;\">Lisboa \u00e9 perfeita para andar \u00e0 p\u00e9, mas n\u00e3o deixe de andar com os famosos el\u00e9tricos, os bondes amarelos da cidade. A m\u00e3e n\u00e3o s\u00f3 adora como recomenda. T\u00e1xi tamb\u00e9m ajuda e \u00e9 bem barato.<\/p>\n","protected":false},"excerpt":{"rendered":"<p>Eu vivi em Lisboa por um ano e, de fato, poderia escrever por horas sobre os lugares que conheci em [&hellip;]<\/p>\n","protected":false},"author":3,"featured_media":1607,"comment_status":"open","ping_status":"open","sticky":false,"template":"","format":"standard","meta":{"_acf_changed":false,"footnotes":""},"categories":[1],"tags":[491,9,8,7,427],"class_list":["post-1605","post","type-post","status-publish","format-standard","has-post-thumbnail","hentry","category-guia-de-viagem","tag-dia-das-maes","tag-georgia-santos","tag-guia-de-viagem","tag-lisboa","tag-mae"],"acf":[],"_links":{"self":[{"href":"https:\/\/vos.homolog.arsnova.work\/index.php?rest_route=\/wp\/v2\/posts\/1605","targetHints":{"allow":["GET"]}}],"collection":[{"href":"https:\/\/vos.homolog.arsnova.work\/index.php?rest_route=\/wp\/v2\/posts"}],"about":[{"href":"https:\/\/vos.homolog.arsnova.work\/index.php?rest_route=\/wp\/v2\/types\/post"}],"author":[{"embeddable":true,"href":"https:\/\/vos.homolog.arsnova.work\/index.php?rest_route=\/wp\/v2\/users\/3"}],"replies":[{"embeddable":true,"href":"https:\/\/vos.homolog.arsnova.work\/index.php?rest_route=%2Fwp%2Fv2%2Fcomments&post=1605"}],"version-history":[{"count":0,"href":"https:\/\/vos.homolog.arsnova.work\/index.php?rest_route=\/wp\/v2\/posts\/1605\/revisions"}],"wp:featuredmedia":[{"embeddable":true,"href":"https:\/\/vos.homolog.arsnova.work\/index.php?rest_route=\/wp\/v2\/media\/1607"}],"wp:attachment":[{"href":"https:\/\/vos.homolog.arsnova.work\/index.php?rest_route=%2Fwp%2Fv2%2Fmedia&parent=1605"}],"wp:term":[{"taxonomy":"category","embeddable":true,"href":"https:\/\/vos.homolog.arsnova.work\/index.php?rest_route=%2Fwp%2Fv2%2Fcategories&post=1605"},{"taxonomy":"post_tag","embeddable":true,"href":"https:\/\/vos.homolog.arsnova.work\/index.php?rest_route=%2Fwp%2Fv2%2Ftags&post=1605"}],"curies":[{"name":"wp","href":"https:\/\/api.w.org\/{rel}","templated":true}]}}