{"id":1596,"date":"2017-05-14T01:29:45","date_gmt":"2017-05-14T04:29:45","guid":{"rendered":"https:\/\/vos.homolog.arsnova.work\/?p=1596"},"modified":"2017-05-15T02:00:46","modified_gmt":"2017-05-15T05:00:46","slug":"10-momentos-em-que-minha-mae-foi-ecologicamente-correta-sem-saber","status":"publish","type":"post","link":"https:\/\/vos.homolog.arsnova.work\/?p=1596","title":{"rendered":"10 momentos em que minha m\u00e3e foi ecologicamente correta sem saber"},"content":{"rendered":"<p style=\"text-align: justify;\">N\u00e3o fui criada com uma inten\u00e7\u00e3o de ser ecologicamente correta. E falo de inten\u00e7\u00e3o porque h\u00e1 fam\u00edlias em que ensinam isso pra os filhos desde muito cedo ou sempre. L\u00e1 em casa, n\u00e3o era parte da conversa ou da rotina. Isso n\u00e3o significa que meus pais n\u00e3o s\u00e3o conscientes. E eu n\u00e3o estou falando de reciclagem de lixo, falo de medidas bastante importantes.<\/p>\n<p style=\"text-align: justify;\">Na casa dos meus pais h\u00e1 duas claraboias que iluminam as \u00e1reas de conviv\u00eancia, o que elimina a necessidade de usar l\u00e2mpadas durante o dia. Al\u00e9m disso, o aquecimento da \u00e1gua da casa e da piscina \u00e9 solar. Bacana, n\u00e9?\u00a0Mas a minha m\u00e3e \u00e9 mais consciente do que ela imagina.<\/p>\n<h3 style=\"text-align: justify;\"><strong>10 momentos em que minha m\u00e3e foi ecologicamente correta sem saber \u2013 ou sem perceber<\/strong><\/h3>\n<p>1 &#8220;Vai a p\u00e9&#8221;<\/p>\n<p><img loading=\"lazy\" decoding=\"async\" class=\"\" src=\"https:\/\/media.giphy.com\/media\/3o6Ztf7FHLnQVr6HuM\/giphy.gif\" width=\"477\" height=\"550\" \/><\/p>\n<p>&nbsp;<\/p>\n<p>2 \u201cR\u00e1pido nesse banho, Ge\u00f3rgia. Tu t\u00e1 a\u00ed h\u00e1 quase uma hora, a \u00e1gua do planeta vai acabar\u201d<\/p>\n<p><img loading=\"lazy\" decoding=\"async\" class=\"\" src=\"https:\/\/media.giphy.com\/media\/eqH8qwZHBO3hS\/giphy.gif\" width=\"482\" height=\"301\" \/><\/p>\n<p>&nbsp;<\/p>\n<p>3 \u201cApaga a luz quando tu for pra cama\u201d<\/p>\n<p><img loading=\"lazy\" decoding=\"async\" class=\"\" src=\"https:\/\/media.giphy.com\/media\/CMs9Iuv5R4Rsk\/giphy.gif\" width=\"481\" height=\"268\" \/><\/p>\n<p>&nbsp;<\/p>\n<p>4 \u201cCome a sobra de ontem, n\u00e3o precisa fazer mais comida\u201d<\/p>\n<p><img decoding=\"async\" src=\"https:\/\/media.giphy.com\/media\/PV4fMbbP6tjuo\/giphy.gif\" \/><\/p>\n<p>&nbsp;<\/p>\n<p>5 \u201cUsa a\u00e7\u00facar pra esfoliar a cara, \u00e9 mais barato. Ou farinha de milho\u201d<\/p>\n<p><img loading=\"lazy\" decoding=\"async\" class=\"\" src=\"https:\/\/media.giphy.com\/media\/mWsIJnxhwQ7ss\/giphy.gif\" width=\"479\" height=\"270\" \/><\/p>\n<p>&nbsp;<\/p>\n<p>6 &#8220;Vai a p\u00e9&#8221;<\/p>\n<p><img decoding=\"async\" src=\"https:\/\/media.giphy.com\/media\/XZn9yRAjnVEQ0\/giphy.gif\" \/><\/p>\n<p>&nbsp;<\/p>\n<p>7 &#8220;Vai caminhando ou de bici&#8221;<\/p>\n<p><img loading=\"lazy\" decoding=\"async\" class=\"\" src=\"https:\/\/media.giphy.com\/media\/TlK63Ez9pPcIsU6NwUo\/giphy.gif\" width=\"477\" height=\"330\" \/><\/p>\n<p>&nbsp;<\/p>\n<p>8 &#8220;Deve ter na horta do v\u00f4&#8221;<\/p>\n<p><img loading=\"lazy\" decoding=\"async\" class=\"\" src=\"https:\/\/media.giphy.com\/media\/1d8cERTJSDmRa\/giphy.gif\" width=\"481\" height=\"247\" \/><\/p>\n<p>&nbsp;<\/p>\n<p>9 &#8220;Para de fumar&#8221;<\/p>\n<p><img loading=\"lazy\" decoding=\"async\" class=\"\" src=\"https:\/\/media.giphy.com\/media\/N8yg0smk34PBK\/giphy.gif\" width=\"481\" height=\"260\" \/><\/p>\n<p>&nbsp;<\/p>\n<p>10 &#8220;Vai \u00e0 p\u00e9&#8221;<\/p>\n<p><img decoding=\"async\" src=\"https:\/\/media.giphy.com\/media\/26xBwu0ZZVWbG7gA0\/giphy.gif\" \/><\/p>\n","protected":false},"excerpt":{"rendered":"<p>N\u00e3o fui criada com uma inten\u00e7\u00e3o de ser ecologicamente correta. E falo de inten\u00e7\u00e3o porque h\u00e1 fam\u00edlias em que ensinam [&hellip;]<\/p>\n","protected":false},"author":3,"featured_media":1600,"comment_status":"open","ping_status":"open","sticky":false,"template":"","format":"standard","meta":{"_acf_changed":false,"footnotes":""},"categories":[23],"tags":[491,140,9,427,299,135,165],"class_list":["post-1596","post","type-post","status-publish","format-standard","has-post-thumbnail","hentry","category-ecoo","tag-dia-das-maes","tag-ecoo","tag-georgia-santos","tag-mae","tag-maes-e-filhos","tag-meio-ambiente","tag-sustentabilidade"],"acf":[],"_links":{"self":[{"href":"https:\/\/vos.homolog.arsnova.work\/index.php?rest_route=\/wp\/v2\/posts\/1596","targetHints":{"allow":["GET"]}}],"collection":[{"href":"https:\/\/vos.homolog.arsnova.work\/index.php?rest_route=\/wp\/v2\/posts"}],"about":[{"href":"https:\/\/vos.homolog.arsnova.work\/index.php?rest_route=\/wp\/v2\/types\/post"}],"author":[{"embeddable":true,"href":"https:\/\/vos.homolog.arsnova.work\/index.php?rest_route=\/wp\/v2\/users\/3"}],"replies":[{"embeddable":true,"href":"https:\/\/vos.homolog.arsnova.work\/index.php?rest_route=%2Fwp%2Fv2%2Fcomments&post=1596"}],"version-history":[{"count":0,"href":"https:\/\/vos.homolog.arsnova.work\/index.php?rest_route=\/wp\/v2\/posts\/1596\/revisions"}],"wp:featuredmedia":[{"embeddable":true,"href":"https:\/\/vos.homolog.arsnova.work\/index.php?rest_route=\/wp\/v2\/media\/1600"}],"wp:attachment":[{"href":"https:\/\/vos.homolog.arsnova.work\/index.php?rest_route=%2Fwp%2Fv2%2Fmedia&parent=1596"}],"wp:term":[{"taxonomy":"category","embeddable":true,"href":"https:\/\/vos.homolog.arsnova.work\/index.php?rest_route=%2Fwp%2Fv2%2Fcategories&post=1596"},{"taxonomy":"post_tag","embeddable":true,"href":"https:\/\/vos.homolog.arsnova.work\/index.php?rest_route=%2Fwp%2Fv2%2Ftags&post=1596"}],"curies":[{"name":"wp","href":"https:\/\/api.w.org\/{rel}","templated":true}]}}