{"id":1581,"date":"2017-05-11T17:15:29","date_gmt":"2017-05-11T20:15:29","guid":{"rendered":"https:\/\/vos.homolog.arsnova.work\/?p=1581"},"modified":"2017-10-02T10:42:21","modified_gmt":"2017-10-02T13:42:21","slug":"crivella-essa-parada-e-nossa","status":"publish","type":"post","link":"https:\/\/vos.homolog.arsnova.work\/?p=1581","title":{"rendered":"Crivella, essa parada \u00e9 nossa!"},"content":{"rendered":"<p style=\"text-align: justify;\">O prefeito do Rio de Janeiro Marcelo Crivella, do PRB, quer acabar com a Parada do Orgulho LGBT na cidade. Um evento que existe h\u00e1 22 anos e que, em 2016, levou 600 mil pessoas \u00e0s ruas. Trata-se do terceiro maior evento municipal, com um impacto estimado em R$ 470 milh\u00f5es na economia da cidade.<\/p>\n<p>.<\/p>\n<blockquote>\n<h2 style=\"text-align: center;\"><strong>Mesmo que n\u00e3o trouxesse impacto econ\u00f4mico nenhum, \u00e9 um evento necess\u00e1rio, pois sua dimens\u00e3o \u00e9 pol\u00edtica, pedag\u00f3gica e de resist\u00eancia<\/strong><\/h2>\n<\/blockquote>\n<p>.<\/p>\n<p style=\"text-align: justify;\">\u00c9 uma atividade festiva e de luta por direitos. Um dia em que LGBTs podem sair \u00e0s ruas e demonstrar seus afetos sem medo. Ser quem s\u00e3o de forma plena e livre. Celebrar o orgulho e combater o preconceito. N\u00e3o \u00e9 pouca coisa em um pa\u00eds onde um LGBT \u00e9 assassinado a cada 26 horas.<\/p>\n<p style=\"text-align: justify;\">No primeiro ano de sua gest\u00e3o, Crivella j\u00e1 disse que n\u00e3o ir\u00e1 destinar recursos p\u00fablicos \u00e0 Parada. Um ataque sem precedentes \u00e0 popula\u00e7\u00e3o LGBT. Utiliza o argumento dos recursos p\u00fablicos como cortina de fuma\u00e7a para esconder a homofobia da atual administra\u00e7\u00e3o. Isso n\u00e3o tem nada a ver com disponibilidade de verbas. \u00c9 uma decis\u00e3o pol\u00edtica e ideol\u00f3gica de um governo liderado por um bispo licenciado da Igreja Universal. Um sujeito que j\u00e1 <a href=\"http:\/\/politica.estadao.com.br\/noticias\/eleicoes,em-video-crivella-ataca-homossexuais,10000083501\" target=\"_blank\" rel=\"noopener noreferrer\">declarou que a homossexualidade \u00e9 um \u201cmal terr\u00edvel\u201d<\/a> e que j\u00e1 <a href=\"http:\/\/politica.estadao.com.br\/noticias\/eleicoes,video-em-que-crivella-ataca-homossexuais-e-retirado-do-ar,10000083553\" target=\"_blank\" rel=\"noopener noreferrer\">sugeriu que gays s\u00e3o fruto de uma tentativa de aborto mal sucedida<\/a>. Mais uma prova de que, no Brasil, o Estado laico existe apenas na letra morta da Constitui\u00e7\u00e3o. Fosse o contr\u00e1rio, o prefeito deixaria seus dogmas religiosos de lado ao tratar de pol\u00edticas p\u00fablicas.<\/p>\n<p>.<\/p>\n<blockquote>\n<h2 style=\"text-align: center;\"><strong>Al\u00e9m de cortar verbas, o prefeito quer modificar a forma como a Parada \u00e9 feita. Organizada h\u00e1 22 anos pela ONG Grupo Arco-\u00cdris de Cidadania LGBT, a Parada envolve dezenas de entidades em sua realiza\u00e7\u00e3o<\/strong><\/h2>\n<\/blockquote>\n<p style=\"text-align: justify;\">.<\/p>\n<p style=\"text-align: justify;\">\u00c9 um evento aut\u00f4nomo do movimento social, feito pelas m\u00e3os de militantes LGBTs e apoiadores da causa. Mas Crivella quer retirar as entidades que lutam por nossos direitos da jogada. A prefeitura quer fazer uma licita\u00e7\u00e3o para organiza\u00e7\u00e3o da Parada. Parece uma piada de mal gosto. Como se fosse um evento que pudesse ser organizado por uma produtora, por agentes externos \u00e0 causa LGBT. Como se a Parada n\u00e3o fosse a express\u00e3o leg\u00edtima dos anseios, desejos e inspira\u00e7\u00f5es da popula\u00e7\u00e3o LGBT.<\/p>\n<p style=\"text-align: justify;\">Os defensores do prefeito argumentam que Crivella n\u00e3o vai acabar com a Parada, apenas vai retirar os recursos que a prefeitura injeta no evento. \u201cQue busquem patroc\u00ednio na iniciativa privada\u201d, dizem. Como se fosse simples. Como se existissem milhares de empresas dispostas a apoiar a causa LGBT sem transformar nosso dia de luta em uma esp\u00e9cie de estande de venda de seus produtos. Ou pior: como se n\u00e3o fosse obriga\u00e7\u00e3o do poder p\u00fablico investir em cultura, turismo e apoiar um movimento que luta por igualdade e direitos civis. Na pr\u00e1tica, o corte de verbas do munic\u00edpio inviabiliza um evento que requer estrutura de seguran\u00e7a, trios el\u00e9tricos, banheiros qu\u00edmicos e placas de sinaliza\u00e7\u00e3o para mais de 500 mil pessoas.<\/p>\n<p style=\"text-align: justify;\">Felizmente, h\u00e1 resist\u00eancia. Os movimentos sociais que lidam com a causa LGBT no Rio de Janeiro est\u00e3o muito mobilizados. O <a href=\"https:\/\/www.facebook.com\/davidmichael.miranda\/\" target=\"_blank\" rel=\"noopener noreferrer\">vereador David Miranda<\/a>, filiado ao PSOL e \u00fanico parlamentar assumidamente gay da cidade, articula um abaixo assinado para pressionar o prefeito. A campanha <a href=\"https:\/\/essaparadaenossa.com.br\/\" target=\"_blank\" rel=\"noopener noreferrer\">\u201cEssa parada \u00e9 nossa\u201d<\/a> est\u00e1 a todo vapor. Precisamos mostrar ao Crivella que o amor \u00e9 maior que o \u00f3dio. Que sua pol\u00edtica de ataque aos nossos direitos vai fracassar, pois n\u00f3s somos muitos e n\u00e3o estamos sozinhos. <a href=\"https:\/\/essaparadaenossa.com.br\/\" target=\"_blank\" rel=\"noopener noreferrer\">Clique aqui<\/a> e apoie o abaixo assinado!<\/p>\n<p style=\"text-align: justify;\"><em>Foto: Fernanda Piccolo.<\/em><\/p>\n","protected":false},"excerpt":{"rendered":"<p>O prefeito do Rio de Janeiro Marcelo Crivella, do PRB, quer acabar com a Parada do Orgulho LGBT na cidade. [&hellip;]<\/p>\n","protected":false},"author":13,"featured_media":1584,"comment_status":"open","ping_status":"open","sticky":false,"template":"","format":"standard","meta":{"_acf_changed":false,"footnotes":""},"categories":[19],"tags":[],"class_list":["post-1581","post","type-post","status-publish","format-standard","has-post-thumbnail","hentry","category-samir-oliveira"],"acf":[],"_links":{"self":[{"href":"https:\/\/vos.homolog.arsnova.work\/index.php?rest_route=\/wp\/v2\/posts\/1581","targetHints":{"allow":["GET"]}}],"collection":[{"href":"https:\/\/vos.homolog.arsnova.work\/index.php?rest_route=\/wp\/v2\/posts"}],"about":[{"href":"https:\/\/vos.homolog.arsnova.work\/index.php?rest_route=\/wp\/v2\/types\/post"}],"author":[{"embeddable":true,"href":"https:\/\/vos.homolog.arsnova.work\/index.php?rest_route=\/wp\/v2\/users\/13"}],"replies":[{"embeddable":true,"href":"https:\/\/vos.homolog.arsnova.work\/index.php?rest_route=%2Fwp%2Fv2%2Fcomments&post=1581"}],"version-history":[{"count":0,"href":"https:\/\/vos.homolog.arsnova.work\/index.php?rest_route=\/wp\/v2\/posts\/1581\/revisions"}],"wp:featuredmedia":[{"embeddable":true,"href":"https:\/\/vos.homolog.arsnova.work\/index.php?rest_route=\/wp\/v2\/media\/1584"}],"wp:attachment":[{"href":"https:\/\/vos.homolog.arsnova.work\/index.php?rest_route=%2Fwp%2Fv2%2Fmedia&parent=1581"}],"wp:term":[{"taxonomy":"category","embeddable":true,"href":"https:\/\/vos.homolog.arsnova.work\/index.php?rest_route=%2Fwp%2Fv2%2Fcategories&post=1581"},{"taxonomy":"post_tag","embeddable":true,"href":"https:\/\/vos.homolog.arsnova.work\/index.php?rest_route=%2Fwp%2Fv2%2Ftags&post=1581"}],"curies":[{"name":"wp","href":"https:\/\/api.w.org\/{rel}","templated":true}]}}