{"id":1571,"date":"2017-05-10T22:38:36","date_gmt":"2017-05-11T01:38:36","guid":{"rendered":"https:\/\/vos.homolog.arsnova.work\/?p=1571"},"modified":"2017-05-11T14:20:09","modified_gmt":"2017-05-11T17:20:09","slug":"situacao-anormal","status":"publish","type":"post","link":"https:\/\/vos.homolog.arsnova.work\/?p=1571","title":{"rendered":"Situa\u00e7\u00e3o anormal"},"content":{"rendered":"<h5 class=\"p1\"><i>(you can read this article in English <a href=\"https:\/\/vos.homolog.arsnova.work\/nos-us\/snafu-or-situation-abnormal\/\">here<\/a>)<\/i><\/h5>\n<p class=\"p1\" style=\"text-align: justify;\">Vale relembrar que o cen\u00e1rio pol\u00edtico no qual vivemos hoje n\u00e3o tem um car\u00e1ter normal. N\u00e3o \u00e9 pela ret\u00f3rica extrema, n\u00e3o. \u00c9 pela brecha intermin\u00e1vel de \u00e9tica e decoro vindo da Casa Branca.<\/p>\n<p class=\"p1\" style=\"text-align: justify;\">O diretor do FBI acaba de ser demitido do seu cargo pelo presidente. O presidente nomeia os diretores de muitos cargos, ent\u00e3o tudo normal por um governo em transi\u00e7\u00e3o, certo? Pois, muito ao contr\u00e1rio. O diretor do FBI \u00e9 nomeado para cumprir um mandato fixo de 10 anos, seja quem for o presidente. Cabe, sim, ao presidente revogar o cargo \u00e0 sua disposi\u00e7\u00e3o, por\u00e9m, esta a\u00e7\u00e3o \u00e9 contemplada apenas em situa\u00e7\u00f5es de grave necessidade. Neste caso, <i>por muito acaso<\/i>, James Comey estava a realizar uma investiga\u00e7\u00e3o sobre conex\u00f5es entre Trump e a R\u00fassia, poss\u00edvel interfer\u00eancia na elei\u00e7\u00e3o e mais.<\/p>\n<h2 class=\"p1\" style=\"text-align: justify;\">O\u00a0mais anormal desta administra\u00e7\u00e3o at\u00e9 agora \u00e9 a sua rela\u00e7\u00e3o com a imprensa<\/h2>\n<p class=\"p1\" style=\"text-align: justify;\">A demiss\u00e3o de James Comey, contudo, n\u00e3o \u00e9 a primeira anomalia nos cargos do gabinete. Candidatos abertamente em contra das fun\u00e7\u00f5es dos seus departamentos s\u00e3o sistematicamente nomeados para os liderar. O procurador-geral foi declarado demasiado racista para servir como juiz federal em 1986. A secret\u00e1ria de educa\u00e7\u00e3o quer desmantelar o sistema de educa\u00e7\u00e3o p\u00fablica a favor privatiza\u00e7\u00e3o radical. Quase todos os postos serviam de exemplo.<\/p>\n<p class=\"p1\" style=\"text-align: justify;\">Entre todos, o mais anormal desta administra\u00e7\u00e3o at\u00e9 agora \u00e9 a sua rela\u00e7\u00e3o com a imprensa. Al\u00e9m de questionar a legitimidade da imprensa tradicional por conveni\u00eancia, n\u00e3o esconde que mente e distorce a realidade. Quando saiu que Comey tinha sido despedido, a Casa Branca decidiu falar com a imprensa\u2026russa. Barrou toda a imprensa americana da confer\u00eancia, aceitando apenas fontes russas. Dizer que o acontecido \u00e9 extraordin\u00e1rio \u00e9 dizer pouco.<\/p>\n<p class=\"p1\" style=\"text-align: justify;\">Ainda n\u00e3o sabemos aonde vai a investiga\u00e7\u00e3o de Trump e a sua campanha eleitoral. As a\u00e7\u00f5es de Trump presidente, no entanto, mostram uma anormalidade preocupante.<\/p>\n<h6 class=\"p1\"><i>Imagem: abcdz2000<\/i><\/h6>\n","protected":false},"excerpt":{"rendered":"<p>(you can read this article in English here) Vale relembrar que o cen\u00e1rio pol\u00edtico no qual vivemos hoje n\u00e3o tem [&hellip;]<\/p>\n","protected":false},"author":6,"featured_media":1573,"comment_status":"open","ping_status":"open","sticky":false,"template":"","format":"standard","meta":{"_acf_changed":false,"footnotes":""},"categories":[6],"tags":[],"class_list":["post-1571","post","type-post","status-publish","format-standard","has-post-thumbnail","hentry","category-nos-us"],"acf":[],"_links":{"self":[{"href":"https:\/\/vos.homolog.arsnova.work\/index.php?rest_route=\/wp\/v2\/posts\/1571","targetHints":{"allow":["GET"]}}],"collection":[{"href":"https:\/\/vos.homolog.arsnova.work\/index.php?rest_route=\/wp\/v2\/posts"}],"about":[{"href":"https:\/\/vos.homolog.arsnova.work\/index.php?rest_route=\/wp\/v2\/types\/post"}],"author":[{"embeddable":true,"href":"https:\/\/vos.homolog.arsnova.work\/index.php?rest_route=\/wp\/v2\/users\/6"}],"replies":[{"embeddable":true,"href":"https:\/\/vos.homolog.arsnova.work\/index.php?rest_route=%2Fwp%2Fv2%2Fcomments&post=1571"}],"version-history":[{"count":0,"href":"https:\/\/vos.homolog.arsnova.work\/index.php?rest_route=\/wp\/v2\/posts\/1571\/revisions"}],"wp:featuredmedia":[{"embeddable":true,"href":"https:\/\/vos.homolog.arsnova.work\/index.php?rest_route=\/wp\/v2\/media\/1573"}],"wp:attachment":[{"href":"https:\/\/vos.homolog.arsnova.work\/index.php?rest_route=%2Fwp%2Fv2%2Fmedia&parent=1571"}],"wp:term":[{"taxonomy":"category","embeddable":true,"href":"https:\/\/vos.homolog.arsnova.work\/index.php?rest_route=%2Fwp%2Fv2%2Fcategories&post=1571"},{"taxonomy":"post_tag","embeddable":true,"href":"https:\/\/vos.homolog.arsnova.work\/index.php?rest_route=%2Fwp%2Fv2%2Ftags&post=1571"}],"curies":[{"name":"wp","href":"https:\/\/api.w.org\/{rel}","templated":true}]}}