{"id":1512,"date":"2017-05-01T23:34:25","date_gmt":"2017-05-02T02:34:25","guid":{"rendered":"https:\/\/vos.homolog.arsnova.work\/?p=1512"},"modified":"2017-05-01T23:39:12","modified_gmt":"2017-05-02T02:39:12","slug":"uma-ode-belchior-amar-e-mudar-as-coisas-me-interessa-mais","status":"publish","type":"post","link":"https:\/\/vos.homolog.arsnova.work\/?p=1512","title":{"rendered":"Uma ode a Belchior &#8211; Amar e mudar as coisas, me interessa mais"},"content":{"rendered":"<p style=\"text-align: justify;\">Toda vez que eu ligo o computador, sem exce\u00e7\u00e3o, leio algo que me deixa devastada. Pode ser uma not\u00edcia, um tu\u00edte aleat\u00f3rio de uma pessoa err\u00e1tica, ou o coment\u00e1rio em um portal de <em>hardnews<\/em> que, de maneira quase s\u00e1dica, eu insisto em ler.<\/p>\n<blockquote>\n<h3 style=\"text-align: center;\"><\/h3>\n<h3 style=\"text-align: center;\"><strong>A minha alucina\u00e7\u00e3o, \u00e9, de fato, suportar o dia-a-dia. E o meu del\u00edrio \u00e9 a experi\u00eancia com coisas reais quando j\u00e1 parece que n\u00e3o perten\u00e7o a esse mundo<\/strong><\/h3>\n<p>&nbsp;<\/p><\/blockquote>\n<p style=\"text-align: justify;\">N\u00e3o posso pertencer a um mundo em que o \u00f3dio \u00e9 a g\u00eanese do que se acredita ser racioc\u00ednio l\u00f3gico; em que existe origem certa ou errada; em que mulher \u00e9 sin\u00f4nimo de nada; em que ditadores s\u00e3o aclamados. Eu n\u00e3o posso pertencer a um mundo em que um rapaz delicado e alegre, que canta e requebra, seja ridicularizado e em que o amar \u00e9 pecado.<\/p>\n<p style=\"text-align: justify;\">\u00c0s vezes eu simplesmente sinto que o sinal est\u00e1 fechado pra n\u00f3s, que somos jovens. Parece exagero, eu sei. Pior ainda, soa como reprise, como o desespero que era moda em 76. Mas ando mesmo descontente e quero que esse canto torto ecoe e, feito faca, corte a carne de voc\u00eas.<\/p>\n<p style=\"text-align: justify;\">N\u00f3s n\u00e3o podemos amar o passado e viver como nossos pais, precisamos evoluir. Precisamos acordar e fazer o destino com o suor das nossas m\u00e3os. Aproveitar o momento em que nossa voz resiste e, por isso, podemos cantar muito mais.<\/p>\n<p style=\"text-align: justify;\">\n<blockquote>\n<h3 style=\"text-align: center;\"><strong>Me assusta que meus horrores n\u00e3o assustem a todos. Confesso. E me assusta porque ao vivo \u00e9 muito pior<\/strong><\/h3>\n<p>&nbsp;<\/p><\/blockquote>\n<p style=\"text-align: justify;\">Meninos de 14 anos acham que estupro \u00e9 culpa da menina que usa saia curta. Adolescentes acham que ser gay \u00e9 errado. Crian\u00e7as rejeitam o colega diferente. Jovens gritam, a plenos pulm\u00f5es, que comunistas tem que morrer.<\/p>\n<p style=\"text-align: justify;\">Ainda assim, acredito nos bons ventos do futuro. Que uma nova mudan\u00e7a, em breve, vai acontecer e que o passado de preconceitos \u00e9 uma roupa que n\u00e3o nos serve mais. E a minha parte eu fa\u00e7o, amando e mudando. Tenho ouvido muitos discos, conversado com pessoas, caminhado meu caminho. Porque amar e mudar as coisas, me interessa mais.<\/p>\n<figure id=\"attachment_1513\" aria-describedby=\"caption-attachment-1513\" style=\"width: 1124px\" class=\"wp-caption aligncenter\"><a href=\"https:\/\/vos.homolog.arsnova.work\/wp-content\/uploads\/2017\/05\/1462589384386.jpg\"><img loading=\"lazy\" decoding=\"async\" class=\" wp-image-1513\" src=\"https:\/\/vos.homolog.arsnova.work\/wp-content\/uploads\/2017\/05\/1462589384386.jpg\" alt=\"\" width=\"1124\" height=\"827\" \/><\/a><figcaption id=\"caption-attachment-1513\" class=\"wp-caption-text\">Musico Belchior em 1977. FOTO DIVULGA\u00c7\u00c3O.<\/figcaption><\/figure>\n<p style=\"text-align: justify;\"><em>Obrigada, Belchior, por me emprestar as palavras deste texto e algumas ideias. Obrigada, Belchior, por me permitir cantar pol\u00edtica e a sociedade com a melodia de quem fala de amor.\u00a0<\/em><\/p>\n","protected":false},"excerpt":{"rendered":"<p>Toda vez que eu ligo o computador, sem exce\u00e7\u00e3o, leio algo que me deixa devastada. Pode ser uma not\u00edcia, um [&hellip;]<\/p>\n","protected":false},"author":3,"featured_media":1514,"comment_status":"open","ping_status":"open","sticky":false,"template":"","format":"standard","meta":{"_acf_changed":false,"footnotes":""},"categories":[22],"tags":[479,478,9,11],"class_list":["post-1512","post","type-post","status-publish","format-standard","has-post-thumbnail","hentry","category-georgia-santos","tag-alucinacao","tag-belchior","tag-georgia-santos","tag-vos"],"acf":[],"_links":{"self":[{"href":"https:\/\/vos.homolog.arsnova.work\/index.php?rest_route=\/wp\/v2\/posts\/1512","targetHints":{"allow":["GET"]}}],"collection":[{"href":"https:\/\/vos.homolog.arsnova.work\/index.php?rest_route=\/wp\/v2\/posts"}],"about":[{"href":"https:\/\/vos.homolog.arsnova.work\/index.php?rest_route=\/wp\/v2\/types\/post"}],"author":[{"embeddable":true,"href":"https:\/\/vos.homolog.arsnova.work\/index.php?rest_route=\/wp\/v2\/users\/3"}],"replies":[{"embeddable":true,"href":"https:\/\/vos.homolog.arsnova.work\/index.php?rest_route=%2Fwp%2Fv2%2Fcomments&post=1512"}],"version-history":[{"count":0,"href":"https:\/\/vos.homolog.arsnova.work\/index.php?rest_route=\/wp\/v2\/posts\/1512\/revisions"}],"wp:featuredmedia":[{"embeddable":true,"href":"https:\/\/vos.homolog.arsnova.work\/index.php?rest_route=\/wp\/v2\/media\/1514"}],"wp:attachment":[{"href":"https:\/\/vos.homolog.arsnova.work\/index.php?rest_route=%2Fwp%2Fv2%2Fmedia&parent=1512"}],"wp:term":[{"taxonomy":"category","embeddable":true,"href":"https:\/\/vos.homolog.arsnova.work\/index.php?rest_route=%2Fwp%2Fv2%2Fcategories&post=1512"},{"taxonomy":"post_tag","embeddable":true,"href":"https:\/\/vos.homolog.arsnova.work\/index.php?rest_route=%2Fwp%2Fv2%2Ftags&post=1512"}],"curies":[{"name":"wp","href":"https:\/\/api.w.org\/{rel}","templated":true}]}}