{"id":1508,"date":"2017-04-30T23:02:53","date_gmt":"2017-05-01T02:02:53","guid":{"rendered":"https:\/\/vos.homolog.arsnova.work\/?p=1508"},"modified":"2017-04-30T23:02:53","modified_gmt":"2017-05-01T02:02:53","slug":"planeta-ou-lucro-o-que-e-mais-importante","status":"publish","type":"post","link":"https:\/\/vos.homolog.arsnova.work\/?p=1508","title":{"rendered":"Planeta ou lucro, o que \u00e9 mais importante?"},"content":{"rendered":"<p style=\"text-align: justify;\">Parece uma pregunta idiota, e \u00e9. \u00c9 uma pergunta extremamente idiota. O problema \u00e9 que a resposta da sociedade tem sido ainda mais imbecil. Sobre o que \u00e9 mais importante, planeta ou lucro, estamos ficando com a segunda op\u00e7\u00e3o.<\/p>\n<p style=\"text-align: justify;\">Algu\u00e9m sempre vai dizer que \u00e9 exagero, que n\u00e3o \u00e9 bem assim. Que esse papo \u00e9 coisa de ecochatos da esquerda autorit\u00e1ria que s\u00e3o contra o empreendedorismo. Que o planeta est\u00e1 a alvo e que o aquecimento global \u00e9 inven\u00e7\u00e3o dos chineses (?). Acontece.<\/p>\n<p style=\"text-align: justify;\">\n<h3 style=\"text-align: center;\"><strong>O problema \u00e9 que esse algu\u00e9m \u00e9 o presidente dos Estados Unidos<\/strong><\/h3>\n<p style=\"text-align: justify;\">\n<p style=\"text-align: justify;\">Mesmo que o presidente em quest\u00e3o seja Donald Trump, o que \u00e9 algo bizarro em si, \u00e9 extremamente preocupante. Significa que o comandante em chefe do pa\u00eds mais poderoso do mundo acredita que a humanidade pode fazer o que quiser com os recursos naturais e que tudo ficar\u00e1 bem assim. Sen\u00e3o melhor. O absurdo chegou ao ponto em que se est\u00e1 negando a ci\u00eancia. O resultado \u00e9 que as pessoas foram obrigadas a marchar pelo senso comum, <a href=\"https:\/\/vos.homolog.arsnova.work\/nos-us\/manifestacoes-pelo-senso-comum\/\">como bem disse o nosso colunista Sacha Nixon, no espa\u00e7o N\u00f3s US<\/a>.<\/p>\n<p style=\"text-align: justify;\">\n<h3 style=\"text-align: center;\"><strong>Mas mesmo que seja uma marcha pelo m\u00ednimo e pelo \u00f3bvio, que coisa t\u00e3o linda \u00e9 ver lutarem pela bem estar comum<\/strong><\/h3>\n<p style=\"text-align: justify;\">\n<p style=\"text-align: justify;\">Sim, porque n\u00e3o estamos falando de um protesto baseado em quest\u00f5es individuais. Talvez na Marcha pela Ci\u00eancia (<a href=\"https:\/\/satellites.marchforscience.com\">March for Science<\/a>) algu\u00e9m tenha protestado porque perdeu financiamento para a pesquisa que estava realizando, mas no caso da Marcha das Pessoas pelo Clima (<a href=\"https:\/\/peoplesclimate.org\/live\/\"><em>People\u00b4s Climate March<\/em><\/a>), que ocorreu neste final de semana, a reivindica\u00e7\u00e3o \u00e9 simplesmente continuar existindo.<\/p>\n<p style=\"text-align: justify;\">\n<p style=\"text-align: justify;\">Parece dr\u00e1stico, mas n\u00e3o \u00e9. Chegamos a um ponto em que absorvemos o descontrole em nossas rotinas como algo natural. Com a \u00e1gua, com o lixo, em nossas casas, na escola, em nossas ind\u00fastrias. \u00c9 mais barato, ganho mais, vendo mais, lucro mais, mais, mais, mais.<\/p>\n<p style=\"text-align: justify;\">\n<h3 style=\"text-align: center;\"><strong>E vivemos menos, menos, menos, menos<\/strong><\/h3>\n<p style=\"text-align: justify;\">\n<p style=\"text-align: justify;\">Que bom que fomos \u00e0s ruas para proteger nosso meio ambiente e declarar a responsabilidade do presidente dos Estados Unidos ao conduzir essa quest\u00e3o. Precisamos celebrar o fato de estarmos acordados para dizer, em alto e bom som e no meio da rua, que o planeta \u00e9 mais importante. Respondendo a uma pergunta idiota.<\/p>\n<p style=\"text-align: justify;\">\n<p style=\"text-align: justify;\"><em>Foto: Max Herman, Survival Media Agency<\/em><\/p>\n","protected":false},"excerpt":{"rendered":"<p>Parece uma pregunta idiota, e \u00e9. \u00c9 uma pergunta extremamente idiota. O problema \u00e9 que a resposta da sociedade tem [&hellip;]<\/p>\n","protected":false},"author":3,"featured_media":1509,"comment_status":"open","ping_status":"open","sticky":false,"template":"","format":"standard","meta":{"_acf_changed":false,"footnotes":""},"categories":[23],"tags":[140,9,466,477,476,135,475,474,11],"class_list":["post-1508","post","type-post","status-publish","format-standard","has-post-thumbnail","hentry","category-ecoo","tag-ecoo","tag-georgia-santos","tag-march-for-science","tag-marcha-pela-cienca","tag-marcha-pelo-clima","tag-meio-ambiente","tag-peoples-climate-march","tag-planeta","tag-vos"],"acf":[],"_links":{"self":[{"href":"https:\/\/vos.homolog.arsnova.work\/index.php?rest_route=\/wp\/v2\/posts\/1508","targetHints":{"allow":["GET"]}}],"collection":[{"href":"https:\/\/vos.homolog.arsnova.work\/index.php?rest_route=\/wp\/v2\/posts"}],"about":[{"href":"https:\/\/vos.homolog.arsnova.work\/index.php?rest_route=\/wp\/v2\/types\/post"}],"author":[{"embeddable":true,"href":"https:\/\/vos.homolog.arsnova.work\/index.php?rest_route=\/wp\/v2\/users\/3"}],"replies":[{"embeddable":true,"href":"https:\/\/vos.homolog.arsnova.work\/index.php?rest_route=%2Fwp%2Fv2%2Fcomments&post=1508"}],"version-history":[{"count":0,"href":"https:\/\/vos.homolog.arsnova.work\/index.php?rest_route=\/wp\/v2\/posts\/1508\/revisions"}],"wp:featuredmedia":[{"embeddable":true,"href":"https:\/\/vos.homolog.arsnova.work\/index.php?rest_route=\/wp\/v2\/media\/1509"}],"wp:attachment":[{"href":"https:\/\/vos.homolog.arsnova.work\/index.php?rest_route=%2Fwp%2Fv2%2Fmedia&parent=1508"}],"wp:term":[{"taxonomy":"category","embeddable":true,"href":"https:\/\/vos.homolog.arsnova.work\/index.php?rest_route=%2Fwp%2Fv2%2Fcategories&post=1508"},{"taxonomy":"post_tag","embeddable":true,"href":"https:\/\/vos.homolog.arsnova.work\/index.php?rest_route=%2Fwp%2Fv2%2Ftags&post=1508"}],"curies":[{"name":"wp","href":"https:\/\/api.w.org\/{rel}","templated":true}]}}