{"id":1502,"date":"2017-04-29T19:33:15","date_gmt":"2017-04-29T22:33:15","guid":{"rendered":"https:\/\/vos.homolog.arsnova.work\/?p=1502"},"modified":"2017-04-30T20:16:23","modified_gmt":"2017-04-30T23:16:23","slug":"soundtracks-cancoes-que-marcaram-historia","status":"publish","type":"post","link":"https:\/\/vos.homolog.arsnova.work\/?p=1502","title":{"rendered":"Soundtracks \u2013 Can\u00e7\u00f5es que marcaram a hist\u00f3ria"},"content":{"rendered":"<blockquote>\n<p style=\"text-align: center;\"><strong>\u201cAn artist&#8217;s duty, as far as I&#8217;m concerned, is to reflect the times.<\/strong><\/p>\n<p style=\"text-align: center;\"><strong>Nina Simone<\/strong><\/p>\n<\/blockquote>\n<p style=\"text-align: justify;\">Em tradu\u00e7\u00e3o livre, Nina Simone diz que o dever do artista, at\u00e9 onde ela sabe, \u00e9 retratar o per\u00edodo em que vive. Obviamente \u00e9 uma afirma\u00e7\u00e3o da qual um pintor ou um poeta podem se apropriar, mas ela se referia \u00e0 m\u00fasica. A sua arte, a arte que ela levava t\u00e3o a s\u00e9rio. N\u00e3o sei se essa frase foi a inspira\u00e7\u00e3o de <a href=\"https:\/\/pt.wikipedia.org\/wiki\/Dwayne_Johnson\">Dwayne Johnson<\/a> (ele mesmo, The Rock) para produzir o programa \u201c<a href=\"http:\/\/www.cnn.com\/shows\/soundtracks\">Soundtracks \u2013 Songs that defined history<\/a>\u201d, mas certamente \u00e9 a isso que o programa se refere.<\/p>\n<h3 style=\"text-align: center;\"><strong>A nova produ\u00e7\u00e3o da CNN, \u00e9 um tributo ao que a m\u00fasica \u00e9 capaz de fazer em uma sociedade em constante movimento<\/strong><\/h3>\n<p>&nbsp;<\/p>\n<p style=\"padding-left: 210px;\"><iframe loading=\"lazy\" src=\"\/\/www.youtube.com\/embed\/I95HY7Uxt-Q\" width=\"560\" height=\"314\" allowfullscreen=\"allowfullscreen\"><\/iframe><\/p>\n<p style=\"text-align: justify;\">A ideia \u00e9 identificar a trilha sonora de grandes acontecimentos de nosso tempo, identificar ou relembrar as \u201cCan\u00e7\u00f5es que marcaram a hist\u00f3ria\u201d, como diz o t\u00edtulo.\u00a0<a href=\"http:\/\/www.cnn.com\/2017\/04\/20\/us\/soundtracks-protest-music-evolution\/index.html\">No primeiro epis\u00f3dio<\/a>, ouvimos Nina Simone e Stevie Wonder, entre outros, durante a luta pelos direitos civis. Sete d\u00e9cadas de protestos por um mundo melhor; <a href=\"http:\/\/www.cnn.com\/2017\/04\/27\/entertainment\/soundtracks-september-11-attacks\/index.html\">no segundo epis\u00f3dio<\/a>, Billy Joel e o seu \u201cNew York State of Mind\u201d ap\u00f3s o 11 de setembro e Bruce Springsteen externando toda a dor de um povo em um \u00e1lbum.<\/p>\n<p style=\"text-align: justify;\">O programa foca em eventos hist\u00f3ricos para a popula\u00e7\u00e3o norte-americana, j\u00e1 que \u00e9 exibido nos Estados Unidos, mas isso n\u00e3o significa que n\u00e3o possa ser apreciado por um <em>outsider<\/em>. Afinal, a luta pelos direitos civis na d\u00e9cada de 60 em solo americano foi tamb\u00e9m a luta da popula\u00e7\u00e3o negra de todo o mundo por uma sociedade mais justa e igual. Martin Luther King Jr \u00e9 um her\u00f3i da humanidade e, ainda hoje, todos os que batalham\u00a0contra o racismo querem gritar \u201c<a href=\"https:\/\/youtu.be\/hoZYgq7CV8w\">Mississipi Goddam<\/a>\u201d.<\/p>\n<h3 style=\"text-align: center;\"><\/h3>\n<h3 style=\"text-align: center;\"><strong>O primeiro epis\u00f3dio mostrou que o protesto est\u00e1 na voz de todos os inconformados e a m\u00fasica nos ajuda a verbalizar as reivindica\u00e7\u00f5es e a imortaliz\u00e1-las<\/strong><\/h3>\n<p>&nbsp;<\/p>\n<p style=\"padding-left: 210px;\"><iframe loading=\"lazy\" src=\"\/\/www.youtube.com\/embed\/cIkDPziOou4\" width=\"560\" height=\"314\" allowfullscreen=\"allowfullscreen\"><\/iframe><\/p>\n<p>&nbsp;<\/p>\n<h3 style=\"text-align: center;\"><strong>J\u00e1 o segundo epis\u00f3dio mostra o quanto a m\u00fasica pode mexer com nossas emo\u00e7\u00f5es. Pode curar, mas tamb\u00e9m pode abrir uma ferida<\/strong><\/h3>\n<p>&nbsp;<\/p>\n<p style=\"padding-left: 210px;\"><iframe loading=\"lazy\" src=\"\/\/www.youtube.com\/embed\/Ylxw-nG5VWI\" width=\"560\" height=\"314\" allowfullscreen=\"allowfullscreen\"><\/iframe><\/p>\n<p style=\"text-align: justify;\">\n<p style=\"text-align: justify;\">Ainda h\u00e1 seis epis\u00f3dios pela frente &#8211; ao menos dessa primeira temporada &#8211; e, confesso, estou ansiosa. \u00c9 raro ver uma produ\u00e7\u00e3o com tamanha qualidade e sensibilidade. Sem cair no clich\u00ea, no \u00f3bvio. Sem recorrer ao mais f\u00e1cil. Mas cavando fundo no que a nossa sociedade tem de mais dolorido e papel da m\u00fasica para na constante rota\u00e7\u00e3o da terra.<\/p>\n","protected":false},"excerpt":{"rendered":"<p>\u201cAn artist&#8217;s duty, as far as I&#8217;m concerned, is to reflect the times. Nina Simone Em tradu\u00e7\u00e3o livre, Nina Simone [&hellip;]<\/p>\n","protected":false},"author":3,"featured_media":1503,"comment_status":"open","ping_status":"open","sticky":false,"template":"","format":"standard","meta":{"_acf_changed":false,"footnotes":""},"categories":[203],"tags":[472,471,473,470],"class_list":["post-1502","post","type-post","status-publish","format-standard","has-post-thumbnail","hentry","category-tao-serie","tag-cancoes-que-marcaram-a-historia","tag-cnn","tag-songs-that-defined-history","tag-soundtracks"],"acf":[],"_links":{"self":[{"href":"https:\/\/vos.homolog.arsnova.work\/index.php?rest_route=\/wp\/v2\/posts\/1502","targetHints":{"allow":["GET"]}}],"collection":[{"href":"https:\/\/vos.homolog.arsnova.work\/index.php?rest_route=\/wp\/v2\/posts"}],"about":[{"href":"https:\/\/vos.homolog.arsnova.work\/index.php?rest_route=\/wp\/v2\/types\/post"}],"author":[{"embeddable":true,"href":"https:\/\/vos.homolog.arsnova.work\/index.php?rest_route=\/wp\/v2\/users\/3"}],"replies":[{"embeddable":true,"href":"https:\/\/vos.homolog.arsnova.work\/index.php?rest_route=%2Fwp%2Fv2%2Fcomments&post=1502"}],"version-history":[{"count":0,"href":"https:\/\/vos.homolog.arsnova.work\/index.php?rest_route=\/wp\/v2\/posts\/1502\/revisions"}],"wp:featuredmedia":[{"embeddable":true,"href":"https:\/\/vos.homolog.arsnova.work\/index.php?rest_route=\/wp\/v2\/media\/1503"}],"wp:attachment":[{"href":"https:\/\/vos.homolog.arsnova.work\/index.php?rest_route=%2Fwp%2Fv2%2Fmedia&parent=1502"}],"wp:term":[{"taxonomy":"category","embeddable":true,"href":"https:\/\/vos.homolog.arsnova.work\/index.php?rest_route=%2Fwp%2Fv2%2Fcategories&post=1502"},{"taxonomy":"post_tag","embeddable":true,"href":"https:\/\/vos.homolog.arsnova.work\/index.php?rest_route=%2Fwp%2Fv2%2Ftags&post=1502"}],"curies":[{"name":"wp","href":"https:\/\/api.w.org\/{rel}","templated":true}]}}