{"id":1450,"date":"2017-04-26T13:13:04","date_gmt":"2017-04-26T16:13:04","guid":{"rendered":"https:\/\/vos.homolog.arsnova.work\/?p=1450"},"modified":"2017-04-26T21:48:56","modified_gmt":"2017-04-27T00:48:56","slug":"na-tempestade-o-bote-do-eleitor-de-esquerda-e-lula","status":"publish","type":"post","link":"https:\/\/vos.homolog.arsnova.work\/?p=1450","title":{"rendered":"Na tempestade, o bote do eleitor de esquerda \u00e9 Lula"},"content":{"rendered":"<p style=\"text-align: justify;\">Promovi uma pequena enquete pelo Twitter na semana passada. Meu objetivo: entender um pouco melhor a disposi\u00e7\u00e3o dos setores mais \u00e0 esquerda para um voto conveniente nas elei\u00e7\u00f5es de 2018 (caso elas aconte\u00e7am, \u00e9 claro). Abaixo, o enunciado e as respostas:<\/p>\n<p>https:\/\/twitter.com\/igornatusch\/status\/854020659072180224<\/p>\n<p style=\"text-align: justify;\">Algumas ressalvas. \u00c9 evidente que se trata, acima de tudo, de um estudo de bolha &#8211; afinal, a imensa maioria das pessoas que tiveram contato com a enquete ou eram meus amigos e seguidores, ou eram pessoas pr\u00f3ximas a esses que tiveram a chance de ver a enquete por meio de algum retweet. Um c\u00edrculo pouco extenso e, portanto, de pouco ou nenhum valor cient\u00edfico. As op\u00e7\u00f5es tamb\u00e9m n\u00e3o foram as ideais: minha ideia inicial era ter cinco op\u00e7\u00f5es, com a candidatura do PSOL separada dos votos nulos. Por\u00e9m, a ferramenta do Twitter infelizmente limita a quatro o n\u00famero de alternativas &#8211; e, como para mim os nomes de Lula, Marina e Ciro eram fundamentais, fui for\u00e7ado a juntar o partido com a op\u00e7\u00e3o de n\u00e3o votar em nenhum dos candidatos. Isso gera problemas \u00f3bvios para a leitura, como o fato de eu n\u00e3o saber exatamente quantos votariam nulo no cen\u00e1rio proposto.\u00a0Ainda assim, acho que d\u00e1 para tirar algumas reflex\u00f5es usando essa enquetezinha como suporte.<\/p>\n<p style=\"text-align: justify;\">A amostragem n\u00e3o \u00e9 de todo desprez\u00edvel, e a bolha no caso quase ajuda, pois a maioria dos meus seguidores s\u00e3o identificados com ide\u00e1rios progressistas e, portanto, mais pretensos a buscar op\u00e7\u00f5es de centro-esquerda em um cen\u00e1rio t\u00e3o polarizado como deve ser o do ano que vem.<\/p>\n<h4 style=\"text-align: justify;\">Ideologia fragmentada<\/h4>\n<p style=\"text-align: justify;\">O cen\u00e1rio que se desenha, a gente bem sabe, \u00e9 de centro-esquerda fragmentada. \u00c9 um momento de queda de hegemonia do PT, que durante d\u00e9cadas praticamente monopolizou o voto vi\u00e1vel para esse nicho, ao menos em escala federal. H\u00e1 um v\u00e1cuo evidente nesse protagonismo, que ser\u00e1 mais ou menos acentuado na medida em que Lula &#8211; \u00fanica figura petista (e da centro-esquerda) cujas chances de vencer est\u00e3o acima de debate &#8211; tiver ou n\u00e3o a oportunidade de concorrer.<\/p>\n<p style=\"text-align: justify;\">Um exemplo \u00e9 Ciro Gomes. Sem Lula, \u00e9 um candidato a ser levado em conta; com o barbudo no p\u00e1reo, perde muito de sua for\u00e7a, n\u00e3o sendo absurdo supor que possa deixar de lado sua convic\u00e7\u00e3o de momento e aceite concorrer como vice em uma chapa PT-PDT.<\/p>\n<blockquote>\n<h3 style=\"text-align: justify;\">Talvez at\u00e9 mais do que uma briga pelo Planalto, o lado esquerdo do cen\u00e1rio pol\u00edtico v\u00ea o pleito como uma chance de tomar a dianteira entre seus iguais &#8211; acima de tudo, se Lula n\u00e3o estiver na disputa.<\/h3>\n<\/blockquote>\n<p style=\"text-align: justify;\">Para o eleitor, a coisa \u00e9 bem outra. Trata-se de lidar com um cen\u00e1rio desesperador &#8211; onde Jo\u00e3o D\u00f3ria aparece como fen\u00f4meno midi\u00e1tico, Jair Bolsonaro cresce no submundo das redes sociais e n\u00e3o faltam Alckmins e A\u00e9cios aguardando o momento mais adequado para colocar o bloco na rua. Direitos hist\u00f3ricos dos trabalhadores est\u00e3o sendo profundamente visados, outros que vinham sendo constru\u00eddos est\u00e3o sob s\u00e9rio risco diante de um verdadeiro levante obscurantista, e tudo isso enquanto minorias seguem oprimidas por movimenta\u00e7\u00f5es cada vez mais hostis, no Executivo e no Congresso.<\/p>\n<p style=\"text-align: justify;\">Em resumo, ningu\u00e9m parece pensar nas urnas como forma de legitimar um poss\u00edvel nome forte para o futuro \u00e0 esquerda: o neg\u00f3cio \u00e9 apagar inc\u00eandio, e r\u00e1pido. A pequena amostra que temos at\u00e9 aqui mostra isso: o voto por convic\u00e7\u00e3o ou identifica\u00e7\u00e3o ideol\u00f3gica fraqueja, diante de uma escolha cada vez mais clara por algu\u00e9m que evite o pior. A quantidade de frases nessa dire\u00e7\u00e3o, na enquete e no dia a dia, que tenho ouvido \u00e9 testemunho clar\u00edssimo disso.<\/p>\n<h4 style=\"text-align: justify;\">Esse cen\u00e1rio \u00e9 de Lula<\/h4>\n<p style=\"text-align: justify;\">O discurso de que votar \u00e9 uma escolha entre o critic\u00e1vel e o inaceit\u00e1vel vem sendo h\u00e1 tempos o mote das campanhas petistas &#8211; foi assim na reelei\u00e7\u00e3o de Dilma Rousseff, qualquer um h\u00e1 de lembrar. Num cen\u00e1rio onde os sonhos ruins de todos os progressistas viram realidade em frequ\u00eancia quase di\u00e1ria, refor\u00e7ar esse discurso torna-se muito mais f\u00e1cil. \u00a0Ainda mais para uma figura como Lula.<\/p>\n<blockquote>\n<h4 style=\"text-align: justify;\">Al\u00e9m de ter constru\u00eddo uma imagem quase messi\u00e2nica em torno de si, o ex-presidente tem sido igualmente eficiente em construir, na imagina\u00e7\u00e3o de enormes contingentes, a narrativa de pai dos pobres perseguido por uma direita rancorosa e uma investiga\u00e7\u00e3o injusta, determinada a destru\u00ed-lo.<\/h4>\n<\/blockquote>\n<p style=\"text-align: justify;\">Some-se a essa conjun\u00e7\u00e3o de fatores o j\u00e1 bastante consolidado &#8216;mito do gestor&#8217;: a convic\u00e7\u00e3o t\u00e1cita e crescente de que o problema dos pol\u00edticos \u00e9 justamente serem pol\u00edticos, e que \u00e9 importante colocar no poder figuras que vejam o Executivo como um espa\u00e7o de efici\u00eancia e objetividade. Sem desperd\u00edcios e sem perder tempo com discuss\u00f5es de fundo. Sem o debate conceitual, a esquerda perde muito do seu potencial, e a mar\u00e9 n\u00e3o est\u00e1 nem um pouco para esse tipo de discuss\u00e3o. Lula, com sua figura e seu discurso, \u00e9 talvez o \u00fanico pol\u00edtico da &#8220;velha guarda&#8221; praticamente imune a esse tipo de coloca\u00e7\u00e3o &#8211; praticamente.<\/p>\n<p style=\"text-align: justify;\">N\u00e3o \u00e9 surpreendente (embora seja digno de nota) que muitos setores cr\u00edticos ao modelo petista de governo federal estejam dispostos a engolir todas as cr\u00edticas e reconduzir Lula ao Planalto. H\u00e1 uma certeza (sustentava inclusive em pesquisas de opini\u00e3o de escala nacional) de que, se ele concorrer, ele pode ganhar, somada a uma impress\u00e3o n\u00e3o-expressa, mas presente, de que os outros n\u00e3o podem. E, ao menos para grande parte, sua vit\u00f3ria parece muito menos apavorante que a alternativa. N\u00e3o que o voto convicto esteja invi\u00e1vel, mas v\u00ea-se na maioria das mentes\u00a0submisso a uma narrativa de urg\u00eancia que, pouco ou muito\u00a0real que seja, \u00e9 suficientemente convincente para ditar todas as decis\u00f5es.<\/p>\n<blockquote>\n<h4 style=\"text-align: justify;\"><strong>Queiramos ou n\u00e3o, Lula j\u00e1 \u00e9 o nome forte do lado esquerdo do ponteiro. E isso j\u00e1 est\u00e1 consolidado.<\/strong><\/h4>\n<h3 style=\"text-align: center;\">A pergunta de um milh\u00e3o de d\u00f3lares: Lula conseguir\u00e1 concorrer?<\/h3>\n<\/blockquote>\n<p style=\"text-align: justify;\">Que ele deseja, n\u00e3o h\u00e1 d\u00favida; sua situa\u00e7\u00e3o com a lei, no entanto, pode facilmente impedi-lo. Poucos desejam que ele concorra &#8211; e isso n\u00e3o se aplica apenas \u00e0 centro-direita, mas igualmente aos mais diferentes setores de esquerda que se op\u00f5em, por l\u00f3gica pol\u00edtico-eleitoral ou diverg\u00eancia ideol\u00f3gica, ao modelo petista de gest\u00e3o e constru\u00e7\u00e3o de alian\u00e7as. Mas o eleitorado que teme as alternativas conservadoras e\/ou liberais que est\u00e3o na mesa demonstra claramente sua disposi\u00e7\u00e3o de votar no barbudo, com uma convic\u00e7\u00e3o que pode ser pouco calorosa, mas n\u00e3o d\u00e1 qualquer sinal de que possa arrefecer.<\/p>\n<p style=\"text-align: justify;\"><em>Foto:\u00a0Fabio Rodrigues Pozzebom\/Ag\u00eancia Brasil<\/em><\/p>\n","protected":false},"excerpt":{"rendered":"<p>Promovi uma pequena enquete pelo Twitter na semana passada. Meu objetivo: entender um pouco melhor a disposi\u00e7\u00e3o dos setores mais [&hellip;]<\/p>\n","protected":false},"author":14,"featured_media":1451,"comment_status":"open","ping_status":"open","sticky":false,"template":"","format":"standard","meta":{"_acf_changed":false,"footnotes":""},"categories":[20],"tags":[465,462,464,109,463,228],"class_list":["post-1450","post","type-post","status-publish","format-standard","has-post-thumbnail","hentry","category-igor-natusch","tag-cenario-eleitoral","tag-ciro-gomes","tag-eleicoes-2018","tag-lula","tag-marina-silva","tag-politica"],"acf":[],"_links":{"self":[{"href":"https:\/\/vos.homolog.arsnova.work\/index.php?rest_route=\/wp\/v2\/posts\/1450","targetHints":{"allow":["GET"]}}],"collection":[{"href":"https:\/\/vos.homolog.arsnova.work\/index.php?rest_route=\/wp\/v2\/posts"}],"about":[{"href":"https:\/\/vos.homolog.arsnova.work\/index.php?rest_route=\/wp\/v2\/types\/post"}],"author":[{"embeddable":true,"href":"https:\/\/vos.homolog.arsnova.work\/index.php?rest_route=\/wp\/v2\/users\/14"}],"replies":[{"embeddable":true,"href":"https:\/\/vos.homolog.arsnova.work\/index.php?rest_route=%2Fwp%2Fv2%2Fcomments&post=1450"}],"version-history":[{"count":0,"href":"https:\/\/vos.homolog.arsnova.work\/index.php?rest_route=\/wp\/v2\/posts\/1450\/revisions"}],"wp:featuredmedia":[{"embeddable":true,"href":"https:\/\/vos.homolog.arsnova.work\/index.php?rest_route=\/wp\/v2\/media\/1451"}],"wp:attachment":[{"href":"https:\/\/vos.homolog.arsnova.work\/index.php?rest_route=%2Fwp%2Fv2%2Fmedia&parent=1450"}],"wp:term":[{"taxonomy":"category","embeddable":true,"href":"https:\/\/vos.homolog.arsnova.work\/index.php?rest_route=%2Fwp%2Fv2%2Fcategories&post=1450"},{"taxonomy":"post_tag","embeddable":true,"href":"https:\/\/vos.homolog.arsnova.work\/index.php?rest_route=%2Fwp%2Fv2%2Ftags&post=1450"}],"curies":[{"name":"wp","href":"https:\/\/api.w.org\/{rel}","templated":true}]}}