{"id":1444,"date":"2017-04-25T18:14:52","date_gmt":"2017-04-25T21:14:52","guid":{"rendered":"https:\/\/vos.homolog.arsnova.work\/?p=1444"},"modified":"2017-04-26T21:32:19","modified_gmt":"2017-04-27T00:32:19","slug":"jornalismo-e-seus-ainda-tabus","status":"publish","type":"post","link":"https:\/\/vos.homolog.arsnova.work\/?p=1444","title":{"rendered":"Jornalismo e seus (ainda) tabus"},"content":{"rendered":"<p>&nbsp;<\/p>\n<p><strong><em>* por Renata Colombo e \u00c9velin Argenta<\/em><\/strong><\/p>\n<p style=\"text-align: justify;\">Noticiar um\u00a0suic\u00eddio \u00e9 um tabu no jornalismo. Via de regra, quase n\u00e3o se usa esta motiva\u00e7\u00e3o ao noticiar casos de pol\u00edcia ou mortes tr\u00e1gicas. A gente chega a dizer que a pessoa foi encontrada morta e p\u00e1ra por a\u00ed, sem muitos detalhes. Superficialmente explicando, evitamos falar que algu\u00e9m se matou justamente para n\u00e3o dar a ideia a quem cogita esta possibilidade. \u00c9, inclusive, uma recomenda\u00e7\u00e3o da Organiza\u00e7\u00e3o Mundial da Sa\u00fade (OMS).<\/p>\n<p style=\"text-align: justify;\">Mas o assunto precisa ser abordado. \u00c9 preciso falar sobre isso. De forma diferente, de forma reflexiva, colaborativa. \u00c9 tamb\u00e9m papel da imprensa alertar \u00e0s pessoas e mostrar que existem organismos que trabalham para ajudar quem sofre com depress\u00e3o.<\/p>\n<blockquote>\n<h4 style=\"text-align: justify;\"><strong>E por que n\u00e3o dar not\u00edcias boas tamb\u00e9m? Fazendo um <em>mea culpa<\/em>, damos pouqu\u00edssima aten\u00e7\u00e3o para not\u00edcias boas. Elas geralmente perdem de goleada quando est\u00e3o no p\u00e1reo com as ruins.<\/strong><\/h4>\n<\/blockquote>\n<p style=\"text-align: justify;\">O Centro de Valoriza\u00e7\u00e3o da Vida, o CVV, ganhou destaque nas \u00faltimas semanas pelo aumento no n\u00famero de chamados de pessoas que pensavam em se suicidar. Os pedidos de ajuda dobraram. Neste meio tempo veio a s\u00e9rie da Netflix que fala justamente do assunto.<\/p>\n<p style=\"text-align: justify;\">\n<h3 style=\"text-align: justify;\"><strong>A pol\u00eamica de &#8220;13 Reasons Why&#8221;<\/strong><\/h3>\n<p style=\"text-align: justify;\">A produ\u00e7\u00e3o aborda os problemas pelas quais\u00a0uma jovem\u00a0passa em determinado per\u00edodo da adolesc\u00eancia e\u00a0mostra, em detalhes, como ela acaba com a pr\u00f3pria vida. Na trama, ela re\u00fane 13 motivos para o suic\u00eddio, descreve cada um em grava\u00e7\u00f5es e entrega \u00e0s pessoas que considera\u00a0culpadas pelo seu sofrimento.<\/p>\n<blockquote>\n<p style=\"text-align: justify;\"><strong>A s\u00e9rie gerou pol\u00eamica. Enquanto algumas pessoas consideram-na adequada por abordar um assunto t\u00e3o abafado, desperta preocupa\u00e7\u00e3o em outras pelo forte poder sugestivo &#8211; psiquiatras, inclusive.\u00a0<\/strong><\/p>\n<\/blockquote>\n<p style=\"text-align: justify;\">Entre as abordagens positivas, destaco a discuss\u00e3o sobre a depress\u00e3o na adolesc\u00eancia, a falta de di\u00e1logo na escola sobre o assunto e os pequenos, bem pequenos sinais, que o jovem tenta mostrar quando est\u00e1 \u00e0 beira de cometer algo t\u00e3o dr\u00e1stico. Sem falar no fato de que evidencia o impacto que determinadas a\u00e7\u00f5es, aparentemente inofensivas, tem na vida de um adolescente.<\/p>\n<p style=\"text-align: justify;\">A\u00a0s\u00e9rie peca, no entanto, ao justificar o suic\u00eddio da personagem. Algumas das 13 raz\u00f5es que levam a personagem ao suic\u00eddio s\u00e3o, de fato, grav\u00edssimas. Outras, por\u00e9m, por mais dolorosas que sejam, s\u00e3o\u00a0dramas da juventude pelos quais\u00a0qualquer pessoa passou ou ainda vai sofrer antes dos seus 20 anos. Algumas\u00a0coisas s\u00e3o inerentes \u00e0 idade. N\u00e3o conhe\u00e7o jovem que n\u00e3o tenha sido\u00a0&#8220;tra\u00eddo&#8221; pelo ficante ou pela amiga, que n\u00e3o foi chamado de apelido que odiava. Isso \u00e9 horr\u00edvel e as pessoas precisam saber que n\u00e3o \u00e9 maneira de tratar ningu\u00e9m,\u00a0mas tamb\u00e9m n\u00e3o acredito que possa ser usado como\u00a0motivo para justificar um suic\u00eddio em uma s\u00e9rie de televis\u00e3o. \u00c9 perigoso demais.<\/p>\n<p style=\"text-align: justify;\">O\u00a0que mais vale nisso tudo \u00e9 a discuss\u00e3o e o fato de que estamos falando sobre isso. Talvez, se n\u00e3o fosse a s\u00e9rie, muita gente ainda estaria olhando para o telefone e pensando se vale mesmo a pena lutar pela vida. Vale sim.<\/p>\n<h3 style=\"text-align: center;\"><strong>Tira esse telefone do gancho.\u00a0<\/strong><\/h3>\n","protected":false},"excerpt":{"rendered":"<p>&nbsp; * por Renata Colombo e \u00c9velin Argenta Noticiar um\u00a0suic\u00eddio \u00e9 um tabu no jornalismo. Via de regra, quase n\u00e3o [&hellip;]<\/p>\n","protected":false},"author":7,"featured_media":1446,"comment_status":"open","ping_status":"open","sticky":false,"template":"","format":"standard","meta":{"_acf_changed":false,"footnotes":""},"categories":[14],"tags":[],"class_list":["post-1444","post","type-post","status-publish","format-standard","has-post-thumbnail","hentry","category-reporteando"],"acf":[],"_links":{"self":[{"href":"https:\/\/vos.homolog.arsnova.work\/index.php?rest_route=\/wp\/v2\/posts\/1444","targetHints":{"allow":["GET"]}}],"collection":[{"href":"https:\/\/vos.homolog.arsnova.work\/index.php?rest_route=\/wp\/v2\/posts"}],"about":[{"href":"https:\/\/vos.homolog.arsnova.work\/index.php?rest_route=\/wp\/v2\/types\/post"}],"author":[{"embeddable":true,"href":"https:\/\/vos.homolog.arsnova.work\/index.php?rest_route=\/wp\/v2\/users\/7"}],"replies":[{"embeddable":true,"href":"https:\/\/vos.homolog.arsnova.work\/index.php?rest_route=%2Fwp%2Fv2%2Fcomments&post=1444"}],"version-history":[{"count":0,"href":"https:\/\/vos.homolog.arsnova.work\/index.php?rest_route=\/wp\/v2\/posts\/1444\/revisions"}],"wp:featuredmedia":[{"embeddable":true,"href":"https:\/\/vos.homolog.arsnova.work\/index.php?rest_route=\/wp\/v2\/media\/1446"}],"wp:attachment":[{"href":"https:\/\/vos.homolog.arsnova.work\/index.php?rest_route=%2Fwp%2Fv2%2Fmedia&parent=1444"}],"wp:term":[{"taxonomy":"category","embeddable":true,"href":"https:\/\/vos.homolog.arsnova.work\/index.php?rest_route=%2Fwp%2Fv2%2Fcategories&post=1444"},{"taxonomy":"post_tag","embeddable":true,"href":"https:\/\/vos.homolog.arsnova.work\/index.php?rest_route=%2Fwp%2Fv2%2Ftags&post=1444"}],"curies":[{"name":"wp","href":"https:\/\/api.w.org\/{rel}","templated":true}]}}