{"id":1352,"date":"2017-05-05T08:28:16","date_gmt":"2017-05-05T11:28:16","guid":{"rendered":"https:\/\/vos.homolog.arsnova.work\/?p=1352"},"modified":"2017-05-05T16:36:14","modified_gmt":"2017-05-05T19:36:14","slug":"culpa","status":"publish","type":"post","link":"https:\/\/vos.homolog.arsnova.work\/?p=1352","title":{"rendered":"Monstro da culpa"},"content":{"rendered":"<blockquote>\n<p style=\"text-align: justify;\"><strong>Sabe aquela cl\u00e1ssica frase: &#8220;Nasce um filho, nasce uma m\u00e3e?&#8221; Acrescento: &#8220;Nasce uma culpa.&#8221; <\/strong><\/p>\n<\/blockquote>\n<p style=\"text-align: justify;\">Acho que passei mais tempo tentando n\u00e3o ter culpa do que ninando meus filhos. E olha que n\u00e3o os ninei pouco!\u00a0Uma das primeiras culpas que lembro foi quando viajamos pela primeira vez e tive que cozinhar uma beterraba que n\u00e3o era org\u00e2nica pra papinha do Benjamin. Me senti a pior pessoa do mundo.<\/p>\n<p style=\"text-align: justify;\">Me dei conta disso esses dias, quando vi os dois comendo o segundo picol\u00e9 do dia. Culpa por ser o segundo picol\u00e9, culpa pelo choro se n\u00e3o deixasse comer o segundo picol\u00e9. Como isso \u00e9 raro de acontecer, escolhi a culpa sem o choro.<\/p>\n<p style=\"text-align: justify;\">Haja exerc\u00edcio de paci\u00eancia comigo mesma. Eu acerto muito com eles. Ent\u00e3o tenho me permitido errar. E tenho demonstrado isso pra eles. Tento deixar de ser a super m\u00e3e para ser uma m\u00e3e real, embora eles me chamem muitas vezes de Mulher Maravilha.<\/p>\n<p><em>Foto: Monstro da Culpa, ilustra\u00e7\u00e3o do Tom<\/em><\/p>\n","protected":false},"excerpt":{"rendered":"<p>Sabe aquela cl\u00e1ssica frase: &#8220;Nasce um filho, nasce uma m\u00e3e?&#8221; Acrescento: &#8220;Nasce uma culpa.&#8221; Acho que passei mais tempo tentando [&hellip;]<\/p>\n","protected":false},"author":10,"featured_media":1549,"comment_status":"open","ping_status":"open","sticky":false,"template":"","format":"standard","meta":{"_acf_changed":false,"footnotes":""},"categories":[17],"tags":[429,428,427,216],"class_list":["post-1352","post","type-post","status-publish","format-standard","has-post-thumbnail","hentry","category-raquel-grabauska","tag-culpa","tag-filho","tag-mae","tag-produtos-organicos"],"acf":[],"_links":{"self":[{"href":"https:\/\/vos.homolog.arsnova.work\/index.php?rest_route=\/wp\/v2\/posts\/1352","targetHints":{"allow":["GET"]}}],"collection":[{"href":"https:\/\/vos.homolog.arsnova.work\/index.php?rest_route=\/wp\/v2\/posts"}],"about":[{"href":"https:\/\/vos.homolog.arsnova.work\/index.php?rest_route=\/wp\/v2\/types\/post"}],"author":[{"embeddable":true,"href":"https:\/\/vos.homolog.arsnova.work\/index.php?rest_route=\/wp\/v2\/users\/10"}],"replies":[{"embeddable":true,"href":"https:\/\/vos.homolog.arsnova.work\/index.php?rest_route=%2Fwp%2Fv2%2Fcomments&post=1352"}],"version-history":[{"count":0,"href":"https:\/\/vos.homolog.arsnova.work\/index.php?rest_route=\/wp\/v2\/posts\/1352\/revisions"}],"wp:featuredmedia":[{"embeddable":true,"href":"https:\/\/vos.homolog.arsnova.work\/index.php?rest_route=\/wp\/v2\/media\/1549"}],"wp:attachment":[{"href":"https:\/\/vos.homolog.arsnova.work\/index.php?rest_route=%2Fwp%2Fv2%2Fmedia&parent=1352"}],"wp:term":[{"taxonomy":"category","embeddable":true,"href":"https:\/\/vos.homolog.arsnova.work\/index.php?rest_route=%2Fwp%2Fv2%2Fcategories&post=1352"},{"taxonomy":"post_tag","embeddable":true,"href":"https:\/\/vos.homolog.arsnova.work\/index.php?rest_route=%2Fwp%2Fv2%2Ftags&post=1352"}],"curies":[{"name":"wp","href":"https:\/\/api.w.org\/{rel}","templated":true}]}}